{"id":1141,"date":"2024-11-30T16:56:14","date_gmt":"2024-11-30T15:56:14","guid":{"rendered":"https:\/\/www.heimatbund-ronnenberg.de\/?p=1141"},"modified":"2024-12-01T08:42:03","modified_gmt":"2024-12-01T07:42:03","slug":"deisterwanderung-zum-annaturm","status":"publish","type":"post","link":"https:\/\/www.heimatbund-ronnenberg.de\/?p=1141","title":{"rendered":"Deisterwanderung zum Annaturm"},"content":{"rendered":"\n<p>Die heutige Novemberwanderung f\u00fchrte uns auf die Deisterh\u00f6hen zum Annaturm. Hier oben lag der Messpunkt von wo aus 1827 bis 1861 Karl Friedrich Gau\u00df im Auftrag des Hannoverschen K\u00f6nigreichs die Landvermessung vornahm. Diese Landvermessung beschr\u00e4nkte sich auf jene Gebiete, die 1815 nach dem Wiener Kongress Hannover zugeordnet wurden. Es war in der damaligen Zeit immer noch schwierig abzusch\u00e4tzen, wieviel Land dazugekommen war und wo war nun der Grenzverlauf? Ein genialer Mathematiker und Landvermesser wie Gau\u00df, konnte sein, in der Georg-August-Universit\u00e4t G\u00f6ttingen, neu erworbenes Wissen der Vermessungstechnik hier zur Anwendung bringen.<\/p>\n\n\n\n<p>Um den Wanderern die M\u00f6glichkeit zu geben, den Deister und das nieders\u00e4chsische Land mit dem Auge zu erfassen, wurde ein Aussichtsturm errichtet, den Besucher \u00fcber innenliegende Treppen erklimmen k\u00f6nnen. Bei Sonnenschein und klarem Wetter, solches hatten wir, geht der Blick weit \u00fcber Hannover hinaus. M\u00f6glicherweise hat dieser Blick schon Gau\u00df dazu bewogen, von hieraus die Landvermessung zu beginnen.<\/p>\n\n\n\n<p>Die vor uns liegende Gastronomie lud uns zu einer kleinen St\u00e4rkung ein. Der Jahreszeit entsprechend stand Gr\u00fcnkohl mit Kasseler und Bregenwurst auf der Speisenkarte. Als Niedersachse kann man einem solchem Angebot kaum widerstehen \u2013 also waren mehrere Teller unserer Wandergruppe mit dieser Kohldelikatesse gef\u00fcllt.<\/p>\n\n\n\n<p>Das Tageslicht im November ist nicht von langer Dauer, es wurde der R\u00fcckweg angetreten, um noch vor Einbruch der Dunkelheit das heimatliche Ronnenberg zu erreichen. Allerdings liegt auf dem Heimweg, direkt am Nienst\u00e4dter Pass, die Waldwirtschaft B\u00e4renH\u00f6hle. Der Wunsch nach frischem Kaffee und Kuchen war so \u00fcberw\u00e4ltigend, dass ein Halt eingelegt wurde, um solches zu genie\u00dfen. Ein sch\u00f6ner vorwinterlicher Wandertag hatte sein Ende gefunden.<\/p>\n\n\n\n<p><\/p>\n","protected":false},"excerpt":{"rendered":"<p>Die heutige Novemberwanderung f\u00fchrte uns auf die Deisterh\u00f6hen zum Annaturm. Hier oben lag der Messpunkt von wo aus 1827 bis 1861 Karl Friedrich Gau\u00df im Auftrag des Hannoverschen K\u00f6nigreichs die Landvermessung vornahm. Diese Landvermessung beschr\u00e4nkte sich auf jene Gebiete, die 1815 nach dem Wiener Kongress Hannover zugeordnet wurden. Es war in der damaligen Zeit immer noch schwierig abzusch\u00e4tzen, wieviel Land<\/p>\n","protected":false},"author":6,"featured_media":1143,"comment_status":"open","ping_status":"open","sticky":false,"template":"","format":"standard","meta":{"footnotes":""},"categories":[1],"tags":[],"class_list":["post-1141","post","type-post","status-publish","format-standard","has-post-thumbnail","hentry","category-allgemein"],"yoast_head":"<!-- This site is optimized with the Yoast SEO plugin v27.2 - https:\/\/yoast.com\/product\/yoast-seo-wordpress\/ -->\n<title>Deisterwanderung zum Annaturm - Heimatbund Ronnenberg<\/title>\n<meta name=\"robots\" content=\"index, follow, max-snippet:-1, max-image-preview:large, max-video-preview:-1\" \/>\n<link rel=\"canonical\" href=\"https:\/\/www.heimatbund-ronnenberg.de\/?p=1141\" \/>\n<meta property=\"og:locale\" content=\"de_DE\" \/>\n<meta property=\"og:type\" content=\"article\" \/>\n<meta property=\"og:title\" content=\"Deisterwanderung zum Annaturm - Heimatbund Ronnenberg\" \/>\n<meta property=\"og:description\" content=\"Die heutige Novemberwanderung f\u00fchrte uns auf die Deisterh\u00f6hen zum Annaturm. Hier oben lag der Messpunkt von wo aus 1827 bis 1861 Karl Friedrich Gau\u00df im Auftrag des Hannoverschen K\u00f6nigreichs die Landvermessung vornahm. Diese Landvermessung beschr\u00e4nkte sich auf jene Gebiete, die 1815 nach dem Wiener Kongress Hannover zugeordnet wurden. Es war in der damaligen Zeit immer noch schwierig abzusch\u00e4tzen, wieviel Land\" \/>\n<meta property=\"og:url\" content=\"https:\/\/www.heimatbund-ronnenberg.de\/?p=1141\" \/>\n<meta property=\"og:site_name\" content=\"Heimatbund Ronnenberg\" \/>\n<meta property=\"article:published_time\" content=\"2024-11-30T15:56:14+00:00\" \/>\n<meta property=\"article:modified_time\" content=\"2024-12-01T07:42:03+00:00\" \/>\n<meta property=\"og:image\" content=\"https:\/\/www.heimatbund-ronnenberg.de\/wp-content\/uploads\/2024\/11\/IMG_0938-scaled.jpg\" \/>\n\t<meta property=\"og:image:width\" content=\"2560\" \/>\n\t<meta property=\"og:image:height\" content=\"1920\" \/>\n\t<meta property=\"og:image:type\" content=\"image\/jpeg\" \/>\n<meta name=\"author\" content=\"Gerrit-Detlef K\u00fchne\" \/>\n<meta name=\"twitter:card\" content=\"summary_large_image\" \/>\n<meta name=\"twitter:label1\" content=\"Verfasst von\" \/>\n\t<meta name=\"twitter:data1\" content=\"Gerrit-Detlef K\u00fchne\" \/>\n\t<meta name=\"twitter:label2\" content=\"Gesch\u00e4tzte Lesezeit\" \/>\n\t<meta name=\"twitter:data2\" content=\"1\u00a0Minute\" \/>\n<script type=\"application\/ld+json\" class=\"yoast-schema-graph\">{\"@context\":\"https:\/\/schema.org\",\"@graph\":[{\"@type\":\"Article\",\"@id\":\"https:\/\/www.heimatbund-ronnenberg.de\/?p=1141#article\",\"isPartOf\":{\"@id\":\"https:\/\/www.heimatbund-ronnenberg.de\/?p=1141\"},\"author\":{\"name\":\"Gerrit-Detlef K\u00fchne\",\"@id\":\"https:\/\/www.heimatbund-ronnenberg.de\/#\/schema\/person\/8c79c189b7371461cf10cf57fb92055c\"},\"headline\":\"Deisterwanderung zum Annaturm\",\"datePublished\":\"2024-11-30T15:56:14+00:00\",\"dateModified\":\"2024-12-01T07:42:03+00:00\",\"mainEntityOfPage\":{\"@id\":\"https:\/\/www.heimatbund-ronnenberg.de\/?p=1141\"},\"wordCount\":276,\"commentCount\":0,\"publisher\":{\"@id\":\"https:\/\/www.heimatbund-ronnenberg.de\/#organization\"},\"image\":{\"@id\":\"https:\/\/www.heimatbund-ronnenberg.de\/?p=1141#primaryimage\"},\"thumbnailUrl\":\"https:\/\/www.heimatbund-ronnenberg.de\/wp-content\/uploads\/2024\/11\/IMG_0938-scaled.jpg\",\"inLanguage\":\"de\",\"potentialAction\":[{\"@type\":\"CommentAction\",\"name\":\"Comment\",\"target\":[\"https:\/\/www.heimatbund-ronnenberg.de\/?p=1141#respond\"]}]},{\"@type\":\"WebPage\",\"@id\":\"https:\/\/www.heimatbund-ronnenberg.de\/?p=1141\",\"url\":\"https:\/\/www.heimatbund-ronnenberg.de\/?p=1141\",\"name\":\"Deisterwanderung zum Annaturm - Heimatbund Ronnenberg\",\"isPartOf\":{\"@id\":\"https:\/\/www.heimatbund-ronnenberg.de\/#website\"},\"primaryImageOfPage\":{\"@id\":\"https:\/\/www.heimatbund-ronnenberg.de\/?p=1141#primaryimage\"},\"image\":{\"@id\":\"https:\/\/www.heimatbund-ronnenberg.de\/?p=1141#primaryimage\"},\"thumbnailUrl\":\"https:\/\/www.heimatbund-ronnenberg.de\/wp-content\/uploads\/2024\/11\/IMG_0938-scaled.jpg\",\"datePublished\":\"2024-11-30T15:56:14+00:00\",\"dateModified\":\"2024-12-01T07:42:03+00:00\",\"breadcrumb\":{\"@id\":\"https:\/\/www.heimatbund-ronnenberg.de\/?p=1141#breadcrumb\"},\"inLanguage\":\"de\",\"potentialAction\":[{\"@type\":\"ReadAction\",\"target\":[\"https:\/\/www.heimatbund-ronnenberg.de\/?p=1141\"]}]},{\"@type\":\"ImageObject\",\"inLanguage\":\"de\",\"@id\":\"https:\/\/www.heimatbund-ronnenberg.de\/?p=1141#primaryimage\",\"url\":\"https:\/\/www.heimatbund-ronnenberg.de\/wp-content\/uploads\/2024\/11\/IMG_0938-scaled.jpg\",\"contentUrl\":\"https:\/\/www.heimatbund-ronnenberg.de\/wp-content\/uploads\/2024\/11\/IMG_0938-scaled.jpg\",\"width\":2560,\"height\":1920},{\"@type\":\"BreadcrumbList\",\"@id\":\"https:\/\/www.heimatbund-ronnenberg.de\/?p=1141#breadcrumb\",\"itemListElement\":[{\"@type\":\"ListItem\",\"position\":1,\"name\":\"Startseite\",\"item\":\"https:\/\/www.heimatbund-ronnenberg.de\/\"},{\"@type\":\"ListItem\",\"position\":2,\"name\":\"Deisterwanderung zum Annaturm\"}]},{\"@type\":\"WebSite\",\"@id\":\"https:\/\/www.heimatbund-ronnenberg.de\/#website\",\"url\":\"https:\/\/www.heimatbund-ronnenberg.de\/\",\"name\":\"Heimatbund Ronnenberg\",\"description\":\"Im Calenberger Land\",\"publisher\":{\"@id\":\"https:\/\/www.heimatbund-ronnenberg.de\/#organization\"},\"potentialAction\":[{\"@type\":\"SearchAction\",\"target\":{\"@type\":\"EntryPoint\",\"urlTemplate\":\"https:\/\/www.heimatbund-ronnenberg.de\/?s={search_term_string}\"},\"query-input\":{\"@type\":\"PropertyValueSpecification\",\"valueRequired\":true,\"valueName\":\"search_term_string\"}}],\"inLanguage\":\"de\"},{\"@type\":\"Organization\",\"@id\":\"https:\/\/www.heimatbund-ronnenberg.de\/#organization\",\"name\":\"Heimatbund Ronnenberg\",\"url\":\"https:\/\/www.heimatbund-ronnenberg.de\/\",\"logo\":{\"@type\":\"ImageObject\",\"inLanguage\":\"de\",\"@id\":\"https:\/\/www.heimatbund-ronnenberg.de\/#\/schema\/logo\/image\/\",\"url\":\"https:\/\/www.heimatbund-ronnenberg.de\/wp-content\/uploads\/2017\/03\/Favicon-e1613163573244.gif\",\"contentUrl\":\"https:\/\/www.heimatbund-ronnenberg.de\/wp-content\/uploads\/2017\/03\/Favicon-e1613163573244.gif\",\"width\":112,\"height\":112,\"caption\":\"Heimatbund Ronnenberg\"},\"image\":{\"@id\":\"https:\/\/www.heimatbund-ronnenberg.de\/#\/schema\/logo\/image\/\"}},{\"@type\":\"Person\",\"@id\":\"https:\/\/www.heimatbund-ronnenberg.de\/#\/schema\/person\/8c79c189b7371461cf10cf57fb92055c\",\"name\":\"Gerrit-Detlef K\u00fchne\",\"image\":{\"@type\":\"ImageObject\",\"inLanguage\":\"de\",\"@id\":\"https:\/\/secure.gravatar.com\/avatar\/93bee99834c468cbd991b9e40f8a1d9b3916334e5bc4d71060575f923d6b19b3?s=96&d=mm&r=g\",\"url\":\"https:\/\/secure.gravatar.com\/avatar\/93bee99834c468cbd991b9e40f8a1d9b3916334e5bc4d71060575f923d6b19b3?s=96&d=mm&r=g\",\"contentUrl\":\"https:\/\/secure.gravatar.com\/avatar\/93bee99834c468cbd991b9e40f8a1d9b3916334e5bc4d71060575f923d6b19b3?s=96&d=mm&r=g\",\"caption\":\"Gerrit-Detlef K\u00fchne\"},\"url\":\"https:\/\/www.heimatbund-ronnenberg.de\/?author=6\"}]}<\/script>\n<!-- \/ Yoast SEO plugin. -->","yoast_head_json":{"title":"Deisterwanderung zum Annaturm - Heimatbund Ronnenberg","robots":{"index":"index","follow":"follow","max-snippet":"max-snippet:-1","max-image-preview":"max-image-preview:large","max-video-preview":"max-video-preview:-1"},"canonical":"https:\/\/www.heimatbund-ronnenberg.de\/?p=1141","og_locale":"de_DE","og_type":"article","og_title":"Deisterwanderung zum Annaturm - Heimatbund Ronnenberg","og_description":"Die heutige Novemberwanderung f\u00fchrte uns auf die Deisterh\u00f6hen zum Annaturm. Hier oben lag der Messpunkt von wo aus 1827 bis 1861 Karl Friedrich Gau\u00df im Auftrag des Hannoverschen K\u00f6nigreichs die Landvermessung vornahm. Diese Landvermessung beschr\u00e4nkte sich auf jene Gebiete, die 1815 nach dem Wiener Kongress Hannover zugeordnet wurden. Es war in der damaligen Zeit immer noch schwierig abzusch\u00e4tzen, wieviel Land","og_url":"https:\/\/www.heimatbund-ronnenberg.de\/?p=1141","og_site_name":"Heimatbund Ronnenberg","article_published_time":"2024-11-30T15:56:14+00:00","article_modified_time":"2024-12-01T07:42:03+00:00","og_image":[{"width":2560,"height":1920,"url":"https:\/\/www.heimatbund-ronnenberg.de\/wp-content\/uploads\/2024\/11\/IMG_0938-scaled.jpg","type":"image\/jpeg"}],"author":"Gerrit-Detlef K\u00fchne","twitter_card":"summary_large_image","twitter_misc":{"Verfasst von":"Gerrit-Detlef K\u00fchne","Gesch\u00e4tzte Lesezeit":"1\u00a0Minute"},"schema":{"@context":"https:\/\/schema.org","@graph":[{"@type":"Article","@id":"https:\/\/www.heimatbund-ronnenberg.de\/?p=1141#article","isPartOf":{"@id":"https:\/\/www.heimatbund-ronnenberg.de\/?p=1141"},"author":{"name":"Gerrit-Detlef K\u00fchne","@id":"https:\/\/www.heimatbund-ronnenberg.de\/#\/schema\/person\/8c79c189b7371461cf10cf57fb92055c"},"headline":"Deisterwanderung zum Annaturm","datePublished":"2024-11-30T15:56:14+00:00","dateModified":"2024-12-01T07:42:03+00:00","mainEntityOfPage":{"@id":"https:\/\/www.heimatbund-ronnenberg.de\/?p=1141"},"wordCount":276,"commentCount":0,"publisher":{"@id":"https:\/\/www.heimatbund-ronnenberg.de\/#organization"},"image":{"@id":"https:\/\/www.heimatbund-ronnenberg.de\/?p=1141#primaryimage"},"thumbnailUrl":"https:\/\/www.heimatbund-ronnenberg.de\/wp-content\/uploads\/2024\/11\/IMG_0938-scaled.jpg","inLanguage":"de","potentialAction":[{"@type":"CommentAction","name":"Comment","target":["https:\/\/www.heimatbund-ronnenberg.de\/?p=1141#respond"]}]},{"@type":"WebPage","@id":"https:\/\/www.heimatbund-ronnenberg.de\/?p=1141","url":"https:\/\/www.heimatbund-ronnenberg.de\/?p=1141","name":"Deisterwanderung zum Annaturm - Heimatbund Ronnenberg","isPartOf":{"@id":"https:\/\/www.heimatbund-ronnenberg.de\/#website"},"primaryImageOfPage":{"@id":"https:\/\/www.heimatbund-ronnenberg.de\/?p=1141#primaryimage"},"image":{"@id":"https:\/\/www.heimatbund-ronnenberg.de\/?p=1141#primaryimage"},"thumbnailUrl":"https:\/\/www.heimatbund-ronnenberg.de\/wp-content\/uploads\/2024\/11\/IMG_0938-scaled.jpg","datePublished":"2024-11-30T15:56:14+00:00","dateModified":"2024-12-01T07:42:03+00:00","breadcrumb":{"@id":"https:\/\/www.heimatbund-ronnenberg.de\/?p=1141#breadcrumb"},"inLanguage":"de","potentialAction":[{"@type":"ReadAction","target":["https:\/\/www.heimatbund-ronnenberg.de\/?p=1141"]}]},{"@type":"ImageObject","inLanguage":"de","@id":"https:\/\/www.heimatbund-ronnenberg.de\/?p=1141#primaryimage","url":"https:\/\/www.heimatbund-ronnenberg.de\/wp-content\/uploads\/2024\/11\/IMG_0938-scaled.jpg","contentUrl":"https:\/\/www.heimatbund-ronnenberg.de\/wp-content\/uploads\/2024\/11\/IMG_0938-scaled.jpg","width":2560,"height":1920},{"@type":"BreadcrumbList","@id":"https:\/\/www.heimatbund-ronnenberg.de\/?p=1141#breadcrumb","itemListElement":[{"@type":"ListItem","position":1,"name":"Startseite","item":"https:\/\/www.heimatbund-ronnenberg.de\/"},{"@type":"ListItem","position":2,"name":"Deisterwanderung zum Annaturm"}]},{"@type":"WebSite","@id":"https:\/\/www.heimatbund-ronnenberg.de\/#website","url":"https:\/\/www.heimatbund-ronnenberg.de\/","name":"Heimatbund Ronnenberg","description":"Im Calenberger Land","publisher":{"@id":"https:\/\/www.heimatbund-ronnenberg.de\/#organization"},"potentialAction":[{"@type":"SearchAction","target":{"@type":"EntryPoint","urlTemplate":"https:\/\/www.heimatbund-ronnenberg.de\/?s={search_term_string}"},"query-input":{"@type":"PropertyValueSpecification","valueRequired":true,"valueName":"search_term_string"}}],"inLanguage":"de"},{"@type":"Organization","@id":"https:\/\/www.heimatbund-ronnenberg.de\/#organization","name":"Heimatbund Ronnenberg","url":"https:\/\/www.heimatbund-ronnenberg.de\/","logo":{"@type":"ImageObject","inLanguage":"de","@id":"https:\/\/www.heimatbund-ronnenberg.de\/#\/schema\/logo\/image\/","url":"https:\/\/www.heimatbund-ronnenberg.de\/wp-content\/uploads\/2017\/03\/Favicon-e1613163573244.gif","contentUrl":"https:\/\/www.heimatbund-ronnenberg.de\/wp-content\/uploads\/2017\/03\/Favicon-e1613163573244.gif","width":112,"height":112,"caption":"Heimatbund Ronnenberg"},"image":{"@id":"https:\/\/www.heimatbund-ronnenberg.de\/#\/schema\/logo\/image\/"}},{"@type":"Person","@id":"https:\/\/www.heimatbund-ronnenberg.de\/#\/schema\/person\/8c79c189b7371461cf10cf57fb92055c","name":"Gerrit-Detlef K\u00fchne","image":{"@type":"ImageObject","inLanguage":"de","@id":"https:\/\/secure.gravatar.com\/avatar\/93bee99834c468cbd991b9e40f8a1d9b3916334e5bc4d71060575f923d6b19b3?s=96&d=mm&r=g","url":"https:\/\/secure.gravatar.com\/avatar\/93bee99834c468cbd991b9e40f8a1d9b3916334e5bc4d71060575f923d6b19b3?s=96&d=mm&r=g","contentUrl":"https:\/\/secure.gravatar.com\/avatar\/93bee99834c468cbd991b9e40f8a1d9b3916334e5bc4d71060575f923d6b19b3?s=96&d=mm&r=g","caption":"Gerrit-Detlef K\u00fchne"},"url":"https:\/\/www.heimatbund-ronnenberg.de\/?author=6"}]}},"_links":{"self":[{"href":"https:\/\/www.heimatbund-ronnenberg.de\/index.php?rest_route=\/wp\/v2\/posts\/1141","targetHints":{"allow":["GET"]}}],"collection":[{"href":"https:\/\/www.heimatbund-ronnenberg.de\/index.php?rest_route=\/wp\/v2\/posts"}],"about":[{"href":"https:\/\/www.heimatbund-ronnenberg.de\/index.php?rest_route=\/wp\/v2\/types\/post"}],"author":[{"embeddable":true,"href":"https:\/\/www.heimatbund-ronnenberg.de\/index.php?rest_route=\/wp\/v2\/users\/6"}],"replies":[{"embeddable":true,"href":"https:\/\/www.heimatbund-ronnenberg.de\/index.php?rest_route=%2Fwp%2Fv2%2Fcomments&post=1141"}],"version-history":[{"count":3,"href":"https:\/\/www.heimatbund-ronnenberg.de\/index.php?rest_route=\/wp\/v2\/posts\/1141\/revisions"}],"predecessor-version":[{"id":1146,"href":"https:\/\/www.heimatbund-ronnenberg.de\/index.php?rest_route=\/wp\/v2\/posts\/1141\/revisions\/1146"}],"wp:featuredmedia":[{"embeddable":true,"href":"https:\/\/www.heimatbund-ronnenberg.de\/index.php?rest_route=\/wp\/v2\/media\/1143"}],"wp:attachment":[{"href":"https:\/\/www.heimatbund-ronnenberg.de\/index.php?rest_route=%2Fwp%2Fv2%2Fmedia&parent=1141"}],"wp:term":[{"taxonomy":"category","embeddable":true,"href":"https:\/\/www.heimatbund-ronnenberg.de\/index.php?rest_route=%2Fwp%2Fv2%2Fcategories&post=1141"},{"taxonomy":"post_tag","embeddable":true,"href":"https:\/\/www.heimatbund-ronnenberg.de\/index.php?rest_route=%2Fwp%2Fv2%2Ftags&post=1141"}],"curies":[{"name":"wp","href":"https:\/\/api.w.org\/{rel}","templated":true}]}}