{"id":1149,"date":"2025-01-25T09:51:04","date_gmt":"2025-01-25T08:51:04","guid":{"rendered":"https:\/\/www.heimatbund-ronnenberg.de\/?p=1149"},"modified":"2025-07-29T20:17:12","modified_gmt":"2025-07-29T18:17:12","slug":"wanderung-um-den-benther-berg-2","status":"publish","type":"post","link":"https:\/\/www.heimatbund-ronnenberg.de\/?p=1149","title":{"rendered":"Wanderung um den Benther Berg"},"content":{"rendered":"\n<p>Ein tr\u00fcber von Wolken verhangener Himmel sollte der Begleiter unserer heutigen Wanderung werden. Nur f\u00fcr einige Momente hatte die Sonne die Kraft hinter den Wolken ihr Dasein zu verk\u00fcnden. Aber z\u00fcnftige Wanderer, wie wir es sind, schreckt eine solche Wetterlage nicht ab, die winterliche Natur zu genie\u00dfen. Die teils aufgeweichten Wege zwangen uns des \u00d6fteren zu gro\u00dfen Schritten, um nicht in den gr\u00f6\u00dferen Schlamml\u00f6chern zu versinken. Aber Naturliebhaber, wie wir, lassen sich nicht von solchen wetterbedingten Ereignissen abschrecken. Unsere Wandergruppe, unter kompetenter F\u00fchrung von Christa H\u00f6fer, hatte sich vorgenommen, den vor unserer Haust\u00fcr liegenden Benther Berg, zu erkunden.<\/p>\n\n\n\n<p>Der unter diesen Anh\u00f6hen liegende Salzstock dr\u00fcckte einst die Oberfl\u00e4che langsam nach oben. So entstand ein kleines Bergmassiv von etwa 173m H\u00f6he. In den Jahren um 1830 wurde dann mit der Ausbeute dieses Salzes begonnen, Johann Egestorff (Kalkjohann) besch\u00e4ftigte sich mit der industriellen Bergwerkstechnik. Mit der Einbringung von Wasser konnte die so im Untergrund entstandene Sole hochgepumpt, und \u00fcber ein Gradierwerk das zur\u00fcckgebliebene Salz gewonnen werden. Aus heutiger Sicht nicht sehr gewinnbringend und effizient, aber dennochgenial.<\/p>\n\n\n\n<p>Damals eine gro\u00dfartige, neue technische L\u00f6sung. Egestorff wurde reich und ein angesehener Industriemagnat. So manches Stra\u00dfenschild verk\u00fcndet heute noch seinen Namen.<\/p>\n\n\n\n<p>Um diesen Wandertag z\u00fcnftig zu beschlie\u00dfen, wird in der Sportgast-st\u00e4tte Northen-Lenthe Einkehr gehalten. Die Speisenkarte wirbt mit einer Seite \u201eWinterlicher Genuss\u201c \u2013 Gr\u00fcnkohl in mehreren Varianten werden angeboten. Diese norddeutsche K\u00f6stlichkeit findet auch bei uns mehrere Abnehmer.&nbsp; &nbsp;&nbsp;&nbsp;&nbsp;&nbsp;<\/p>\n","protected":false},"excerpt":{"rendered":"<p>Ein tr\u00fcber von Wolken verhangener Himmel sollte der Begleiter unserer heutigen Wanderung werden. Nur f\u00fcr einige Momente hatte die Sonne die Kraft hinter den Wolken ihr Dasein zu verk\u00fcnden. Aber z\u00fcnftige Wanderer, wie wir es sind, schreckt eine solche Wetterlage nicht ab, die winterliche Natur zu genie\u00dfen. Die teils aufgeweichten Wege zwangen uns des \u00d6fteren zu gro\u00dfen Schritten, um nicht<\/p>\n","protected":false},"author":6,"featured_media":1150,"comment_status":"open","ping_status":"open","sticky":false,"template":"","format":"standard","meta":{"footnotes":""},"categories":[1,9],"tags":[],"class_list":["post-1149","post","type-post","status-publish","format-standard","has-post-thumbnail","hentry","category-allgemein","category-slider"],"yoast_head":"<!-- This site is optimized with the Yoast SEO plugin v27.2 - https:\/\/yoast.com\/product\/yoast-seo-wordpress\/ -->\n<title>Wanderung um den Benther Berg - Heimatbund Ronnenberg<\/title>\n<meta name=\"robots\" content=\"index, follow, max-snippet:-1, max-image-preview:large, max-video-preview:-1\" \/>\n<link rel=\"canonical\" href=\"https:\/\/www.heimatbund-ronnenberg.de\/?p=1149\" \/>\n<meta property=\"og:locale\" content=\"de_DE\" \/>\n<meta property=\"og:type\" content=\"article\" \/>\n<meta property=\"og:title\" content=\"Wanderung um den Benther Berg - Heimatbund Ronnenberg\" \/>\n<meta property=\"og:description\" content=\"Ein tr\u00fcber von Wolken verhangener Himmel sollte der Begleiter unserer heutigen Wanderung werden. Nur f\u00fcr einige Momente hatte die Sonne die Kraft hinter den Wolken ihr Dasein zu verk\u00fcnden. Aber z\u00fcnftige Wanderer, wie wir es sind, schreckt eine solche Wetterlage nicht ab, die winterliche Natur zu genie\u00dfen. Die teils aufgeweichten Wege zwangen uns des \u00d6fteren zu gro\u00dfen Schritten, um nicht\" \/>\n<meta property=\"og:url\" content=\"https:\/\/www.heimatbund-ronnenberg.de\/?p=1149\" \/>\n<meta property=\"og:site_name\" content=\"Heimatbund Ronnenberg\" \/>\n<meta property=\"article:published_time\" content=\"2025-01-25T08:51:04+00:00\" \/>\n<meta property=\"article:modified_time\" content=\"2025-07-29T18:17:12+00:00\" \/>\n<meta property=\"og:image\" content=\"https:\/\/www.heimatbund-ronnenberg.de\/wp-content\/uploads\/2025\/01\/IMG_0939-scaled.jpg\" \/>\n\t<meta property=\"og:image:width\" content=\"2560\" \/>\n\t<meta property=\"og:image:height\" content=\"1920\" \/>\n\t<meta property=\"og:image:type\" content=\"image\/jpeg\" \/>\n<meta name=\"author\" content=\"Gerrit-Detlef K\u00fchne\" \/>\n<meta name=\"twitter:card\" content=\"summary_large_image\" \/>\n<meta name=\"twitter:label1\" content=\"Verfasst von\" \/>\n\t<meta name=\"twitter:data1\" content=\"Gerrit-Detlef K\u00fchne\" \/>\n\t<meta name=\"twitter:label2\" content=\"Gesch\u00e4tzte Lesezeit\" \/>\n\t<meta name=\"twitter:data2\" content=\"1\u00a0Minute\" \/>\n<script type=\"application\/ld+json\" class=\"yoast-schema-graph\">{\"@context\":\"https:\/\/schema.org\",\"@graph\":[{\"@type\":\"Article\",\"@id\":\"https:\/\/www.heimatbund-ronnenberg.de\/?p=1149#article\",\"isPartOf\":{\"@id\":\"https:\/\/www.heimatbund-ronnenberg.de\/?p=1149\"},\"author\":{\"name\":\"Gerrit-Detlef K\u00fchne\",\"@id\":\"https:\/\/www.heimatbund-ronnenberg.de\/#\/schema\/person\/8c79c189b7371461cf10cf57fb92055c\"},\"headline\":\"Wanderung um den Benther Berg\",\"datePublished\":\"2025-01-25T08:51:04+00:00\",\"dateModified\":\"2025-07-29T18:17:12+00:00\",\"mainEntityOfPage\":{\"@id\":\"https:\/\/www.heimatbund-ronnenberg.de\/?p=1149\"},\"wordCount\":267,\"commentCount\":0,\"publisher\":{\"@id\":\"https:\/\/www.heimatbund-ronnenberg.de\/#organization\"},\"image\":{\"@id\":\"https:\/\/www.heimatbund-ronnenberg.de\/?p=1149#primaryimage\"},\"thumbnailUrl\":\"https:\/\/www.heimatbund-ronnenberg.de\/wp-content\/uploads\/2025\/01\/IMG_0939-scaled.jpg\",\"articleSection\":{\"1\":\"Slider\"},\"inLanguage\":\"de\",\"potentialAction\":[{\"@type\":\"CommentAction\",\"name\":\"Comment\",\"target\":[\"https:\/\/www.heimatbund-ronnenberg.de\/?p=1149#respond\"]}]},{\"@type\":\"WebPage\",\"@id\":\"https:\/\/www.heimatbund-ronnenberg.de\/?p=1149\",\"url\":\"https:\/\/www.heimatbund-ronnenberg.de\/?p=1149\",\"name\":\"Wanderung um den Benther Berg - Heimatbund Ronnenberg\",\"isPartOf\":{\"@id\":\"https:\/\/www.heimatbund-ronnenberg.de\/#website\"},\"primaryImageOfPage\":{\"@id\":\"https:\/\/www.heimatbund-ronnenberg.de\/?p=1149#primaryimage\"},\"image\":{\"@id\":\"https:\/\/www.heimatbund-ronnenberg.de\/?p=1149#primaryimage\"},\"thumbnailUrl\":\"https:\/\/www.heimatbund-ronnenberg.de\/wp-content\/uploads\/2025\/01\/IMG_0939-scaled.jpg\",\"datePublished\":\"2025-01-25T08:51:04+00:00\",\"dateModified\":\"2025-07-29T18:17:12+00:00\",\"breadcrumb\":{\"@id\":\"https:\/\/www.heimatbund-ronnenberg.de\/?p=1149#breadcrumb\"},\"inLanguage\":\"de\",\"potentialAction\":[{\"@type\":\"ReadAction\",\"target\":[\"https:\/\/www.heimatbund-ronnenberg.de\/?p=1149\"]}]},{\"@type\":\"ImageObject\",\"inLanguage\":\"de\",\"@id\":\"https:\/\/www.heimatbund-ronnenberg.de\/?p=1149#primaryimage\",\"url\":\"https:\/\/www.heimatbund-ronnenberg.de\/wp-content\/uploads\/2025\/01\/IMG_0939-scaled.jpg\",\"contentUrl\":\"https:\/\/www.heimatbund-ronnenberg.de\/wp-content\/uploads\/2025\/01\/IMG_0939-scaled.jpg\",\"width\":2560,\"height\":1920},{\"@type\":\"BreadcrumbList\",\"@id\":\"https:\/\/www.heimatbund-ronnenberg.de\/?p=1149#breadcrumb\",\"itemListElement\":[{\"@type\":\"ListItem\",\"position\":1,\"name\":\"Startseite\",\"item\":\"https:\/\/www.heimatbund-ronnenberg.de\/\"},{\"@type\":\"ListItem\",\"position\":2,\"name\":\"Wanderung um den Benther Berg\"}]},{\"@type\":\"WebSite\",\"@id\":\"https:\/\/www.heimatbund-ronnenberg.de\/#website\",\"url\":\"https:\/\/www.heimatbund-ronnenberg.de\/\",\"name\":\"Heimatbund Ronnenberg\",\"description\":\"Im Calenberger Land\",\"publisher\":{\"@id\":\"https:\/\/www.heimatbund-ronnenberg.de\/#organization\"},\"potentialAction\":[{\"@type\":\"SearchAction\",\"target\":{\"@type\":\"EntryPoint\",\"urlTemplate\":\"https:\/\/www.heimatbund-ronnenberg.de\/?s={search_term_string}\"},\"query-input\":{\"@type\":\"PropertyValueSpecification\",\"valueRequired\":true,\"valueName\":\"search_term_string\"}}],\"inLanguage\":\"de\"},{\"@type\":\"Organization\",\"@id\":\"https:\/\/www.heimatbund-ronnenberg.de\/#organization\",\"name\":\"Heimatbund Ronnenberg\",\"url\":\"https:\/\/www.heimatbund-ronnenberg.de\/\",\"logo\":{\"@type\":\"ImageObject\",\"inLanguage\":\"de\",\"@id\":\"https:\/\/www.heimatbund-ronnenberg.de\/#\/schema\/logo\/image\/\",\"url\":\"https:\/\/www.heimatbund-ronnenberg.de\/wp-content\/uploads\/2017\/03\/Favicon-e1613163573244.gif\",\"contentUrl\":\"https:\/\/www.heimatbund-ronnenberg.de\/wp-content\/uploads\/2017\/03\/Favicon-e1613163573244.gif\",\"width\":112,\"height\":112,\"caption\":\"Heimatbund Ronnenberg\"},\"image\":{\"@id\":\"https:\/\/www.heimatbund-ronnenberg.de\/#\/schema\/logo\/image\/\"}},{\"@type\":\"Person\",\"@id\":\"https:\/\/www.heimatbund-ronnenberg.de\/#\/schema\/person\/8c79c189b7371461cf10cf57fb92055c\",\"name\":\"Gerrit-Detlef K\u00fchne\",\"image\":{\"@type\":\"ImageObject\",\"inLanguage\":\"de\",\"@id\":\"https:\/\/secure.gravatar.com\/avatar\/93bee99834c468cbd991b9e40f8a1d9b3916334e5bc4d71060575f923d6b19b3?s=96&d=mm&r=g\",\"url\":\"https:\/\/secure.gravatar.com\/avatar\/93bee99834c468cbd991b9e40f8a1d9b3916334e5bc4d71060575f923d6b19b3?s=96&d=mm&r=g\",\"contentUrl\":\"https:\/\/secure.gravatar.com\/avatar\/93bee99834c468cbd991b9e40f8a1d9b3916334e5bc4d71060575f923d6b19b3?s=96&d=mm&r=g\",\"caption\":\"Gerrit-Detlef K\u00fchne\"},\"url\":\"https:\/\/www.heimatbund-ronnenberg.de\/?author=6\"}]}<\/script>\n<!-- \/ Yoast SEO plugin. -->","yoast_head_json":{"title":"Wanderung um den Benther Berg - Heimatbund Ronnenberg","robots":{"index":"index","follow":"follow","max-snippet":"max-snippet:-1","max-image-preview":"max-image-preview:large","max-video-preview":"max-video-preview:-1"},"canonical":"https:\/\/www.heimatbund-ronnenberg.de\/?p=1149","og_locale":"de_DE","og_type":"article","og_title":"Wanderung um den Benther Berg - Heimatbund Ronnenberg","og_description":"Ein tr\u00fcber von Wolken verhangener Himmel sollte der Begleiter unserer heutigen Wanderung werden. Nur f\u00fcr einige Momente hatte die Sonne die Kraft hinter den Wolken ihr Dasein zu verk\u00fcnden. Aber z\u00fcnftige Wanderer, wie wir es sind, schreckt eine solche Wetterlage nicht ab, die winterliche Natur zu genie\u00dfen. Die teils aufgeweichten Wege zwangen uns des \u00d6fteren zu gro\u00dfen Schritten, um nicht","og_url":"https:\/\/www.heimatbund-ronnenberg.de\/?p=1149","og_site_name":"Heimatbund Ronnenberg","article_published_time":"2025-01-25T08:51:04+00:00","article_modified_time":"2025-07-29T18:17:12+00:00","og_image":[{"width":2560,"height":1920,"url":"https:\/\/www.heimatbund-ronnenberg.de\/wp-content\/uploads\/2025\/01\/IMG_0939-scaled.jpg","type":"image\/jpeg"}],"author":"Gerrit-Detlef K\u00fchne","twitter_card":"summary_large_image","twitter_misc":{"Verfasst von":"Gerrit-Detlef K\u00fchne","Gesch\u00e4tzte Lesezeit":"1\u00a0Minute"},"schema":{"@context":"https:\/\/schema.org","@graph":[{"@type":"Article","@id":"https:\/\/www.heimatbund-ronnenberg.de\/?p=1149#article","isPartOf":{"@id":"https:\/\/www.heimatbund-ronnenberg.de\/?p=1149"},"author":{"name":"Gerrit-Detlef K\u00fchne","@id":"https:\/\/www.heimatbund-ronnenberg.de\/#\/schema\/person\/8c79c189b7371461cf10cf57fb92055c"},"headline":"Wanderung um den Benther Berg","datePublished":"2025-01-25T08:51:04+00:00","dateModified":"2025-07-29T18:17:12+00:00","mainEntityOfPage":{"@id":"https:\/\/www.heimatbund-ronnenberg.de\/?p=1149"},"wordCount":267,"commentCount":0,"publisher":{"@id":"https:\/\/www.heimatbund-ronnenberg.de\/#organization"},"image":{"@id":"https:\/\/www.heimatbund-ronnenberg.de\/?p=1149#primaryimage"},"thumbnailUrl":"https:\/\/www.heimatbund-ronnenberg.de\/wp-content\/uploads\/2025\/01\/IMG_0939-scaled.jpg","articleSection":{"1":"Slider"},"inLanguage":"de","potentialAction":[{"@type":"CommentAction","name":"Comment","target":["https:\/\/www.heimatbund-ronnenberg.de\/?p=1149#respond"]}]},{"@type":"WebPage","@id":"https:\/\/www.heimatbund-ronnenberg.de\/?p=1149","url":"https:\/\/www.heimatbund-ronnenberg.de\/?p=1149","name":"Wanderung um den Benther Berg - Heimatbund Ronnenberg","isPartOf":{"@id":"https:\/\/www.heimatbund-ronnenberg.de\/#website"},"primaryImageOfPage":{"@id":"https:\/\/www.heimatbund-ronnenberg.de\/?p=1149#primaryimage"},"image":{"@id":"https:\/\/www.heimatbund-ronnenberg.de\/?p=1149#primaryimage"},"thumbnailUrl":"https:\/\/www.heimatbund-ronnenberg.de\/wp-content\/uploads\/2025\/01\/IMG_0939-scaled.jpg","datePublished":"2025-01-25T08:51:04+00:00","dateModified":"2025-07-29T18:17:12+00:00","breadcrumb":{"@id":"https:\/\/www.heimatbund-ronnenberg.de\/?p=1149#breadcrumb"},"inLanguage":"de","potentialAction":[{"@type":"ReadAction","target":["https:\/\/www.heimatbund-ronnenberg.de\/?p=1149"]}]},{"@type":"ImageObject","inLanguage":"de","@id":"https:\/\/www.heimatbund-ronnenberg.de\/?p=1149#primaryimage","url":"https:\/\/www.heimatbund-ronnenberg.de\/wp-content\/uploads\/2025\/01\/IMG_0939-scaled.jpg","contentUrl":"https:\/\/www.heimatbund-ronnenberg.de\/wp-content\/uploads\/2025\/01\/IMG_0939-scaled.jpg","width":2560,"height":1920},{"@type":"BreadcrumbList","@id":"https:\/\/www.heimatbund-ronnenberg.de\/?p=1149#breadcrumb","itemListElement":[{"@type":"ListItem","position":1,"name":"Startseite","item":"https:\/\/www.heimatbund-ronnenberg.de\/"},{"@type":"ListItem","position":2,"name":"Wanderung um den Benther Berg"}]},{"@type":"WebSite","@id":"https:\/\/www.heimatbund-ronnenberg.de\/#website","url":"https:\/\/www.heimatbund-ronnenberg.de\/","name":"Heimatbund Ronnenberg","description":"Im Calenberger Land","publisher":{"@id":"https:\/\/www.heimatbund-ronnenberg.de\/#organization"},"potentialAction":[{"@type":"SearchAction","target":{"@type":"EntryPoint","urlTemplate":"https:\/\/www.heimatbund-ronnenberg.de\/?s={search_term_string}"},"query-input":{"@type":"PropertyValueSpecification","valueRequired":true,"valueName":"search_term_string"}}],"inLanguage":"de"},{"@type":"Organization","@id":"https:\/\/www.heimatbund-ronnenberg.de\/#organization","name":"Heimatbund Ronnenberg","url":"https:\/\/www.heimatbund-ronnenberg.de\/","logo":{"@type":"ImageObject","inLanguage":"de","@id":"https:\/\/www.heimatbund-ronnenberg.de\/#\/schema\/logo\/image\/","url":"https:\/\/www.heimatbund-ronnenberg.de\/wp-content\/uploads\/2017\/03\/Favicon-e1613163573244.gif","contentUrl":"https:\/\/www.heimatbund-ronnenberg.de\/wp-content\/uploads\/2017\/03\/Favicon-e1613163573244.gif","width":112,"height":112,"caption":"Heimatbund Ronnenberg"},"image":{"@id":"https:\/\/www.heimatbund-ronnenberg.de\/#\/schema\/logo\/image\/"}},{"@type":"Person","@id":"https:\/\/www.heimatbund-ronnenberg.de\/#\/schema\/person\/8c79c189b7371461cf10cf57fb92055c","name":"Gerrit-Detlef K\u00fchne","image":{"@type":"ImageObject","inLanguage":"de","@id":"https:\/\/secure.gravatar.com\/avatar\/93bee99834c468cbd991b9e40f8a1d9b3916334e5bc4d71060575f923d6b19b3?s=96&d=mm&r=g","url":"https:\/\/secure.gravatar.com\/avatar\/93bee99834c468cbd991b9e40f8a1d9b3916334e5bc4d71060575f923d6b19b3?s=96&d=mm&r=g","contentUrl":"https:\/\/secure.gravatar.com\/avatar\/93bee99834c468cbd991b9e40f8a1d9b3916334e5bc4d71060575f923d6b19b3?s=96&d=mm&r=g","caption":"Gerrit-Detlef K\u00fchne"},"url":"https:\/\/www.heimatbund-ronnenberg.de\/?author=6"}]}},"_links":{"self":[{"href":"https:\/\/www.heimatbund-ronnenberg.de\/index.php?rest_route=\/wp\/v2\/posts\/1149","targetHints":{"allow":["GET"]}}],"collection":[{"href":"https:\/\/www.heimatbund-ronnenberg.de\/index.php?rest_route=\/wp\/v2\/posts"}],"about":[{"href":"https:\/\/www.heimatbund-ronnenberg.de\/index.php?rest_route=\/wp\/v2\/types\/post"}],"author":[{"embeddable":true,"href":"https:\/\/www.heimatbund-ronnenberg.de\/index.php?rest_route=\/wp\/v2\/users\/6"}],"replies":[{"embeddable":true,"href":"https:\/\/www.heimatbund-ronnenberg.de\/index.php?rest_route=%2Fwp%2Fv2%2Fcomments&post=1149"}],"version-history":[{"count":1,"href":"https:\/\/www.heimatbund-ronnenberg.de\/index.php?rest_route=\/wp\/v2\/posts\/1149\/revisions"}],"predecessor-version":[{"id":1151,"href":"https:\/\/www.heimatbund-ronnenberg.de\/index.php?rest_route=\/wp\/v2\/posts\/1149\/revisions\/1151"}],"wp:featuredmedia":[{"embeddable":true,"href":"https:\/\/www.heimatbund-ronnenberg.de\/index.php?rest_route=\/wp\/v2\/media\/1150"}],"wp:attachment":[{"href":"https:\/\/www.heimatbund-ronnenberg.de\/index.php?rest_route=%2Fwp%2Fv2%2Fmedia&parent=1149"}],"wp:term":[{"taxonomy":"category","embeddable":true,"href":"https:\/\/www.heimatbund-ronnenberg.de\/index.php?rest_route=%2Fwp%2Fv2%2Fcategories&post=1149"},{"taxonomy":"post_tag","embeddable":true,"href":"https:\/\/www.heimatbund-ronnenberg.de\/index.php?rest_route=%2Fwp%2Fv2%2Ftags&post=1149"}],"curies":[{"name":"wp","href":"https:\/\/api.w.org\/{rel}","templated":true}]}}