{"id":1173,"date":"2025-05-04T14:12:36","date_gmt":"2025-05-04T12:12:36","guid":{"rendered":"https:\/\/www.heimatbund-ronnenberg.de\/?p=1173"},"modified":"2025-07-29T20:18:03","modified_gmt":"2025-07-29T18:18:03","slug":"deisterwanderung-ausgangspunkt-steinkrug","status":"publish","type":"post","link":"https:\/\/www.heimatbund-ronnenberg.de\/?p=1173","title":{"rendered":"Deisterwanderung &#8211; Ausgangspunkt Steinkrug"},"content":{"rendered":"\n<p>Die B\u00e4ume im Deister hatten sich nach der Winter-pause mit frischem Gr\u00fcn geschm\u00fcckt. Ein Gr\u00fcn, was nur in diesen Fr\u00fchlingstagen zu bewundern ist. Unsere Wandergruppe war begeistert von diesen Farben des Waldes und dem dazugeh\u00f6rigen Sonnenschein. Nicht nur die im fortschreitenden Alter so wichtige Beweglichkeit wird hierdurch unterst\u00fctzt, auch die innere Zufriedenheit bekommt ihre Streicheleinheiten.<\/p>\n\n\n\n<p>Ausgangspunkt der Wanderung war die historische Gastronomie Steinkrug, eine ehemalige Umspannstelle f\u00fcr die Postkutschen die hier die Deisterh\u00f6hen \u00fcberqueren wollten. Wer von Hannover zur Landesfestung Hameln wollte, oder umgekehrt, benutzte diese vom K\u00f6nigreich ausgebaute Passstra\u00dfe \u00fcber den Deister. Das heutige Aussehen verdankt dieses Geb\u00e4ude keinem Geringeren als Hofbaumeister Georg Ludwig Laves, der es 1850 nach grundlegendem Umbau in den heutigen Zustand versetzte. Wir werden sp\u00e4ter hier Einkehr halten, um unseren Hunger und Durst zu stillen.<\/p>\n\n\n\n<p>Bevor wir unsere Wanderroute gefunden hatten, unterquerten wir die Bundesstra\u00dfe und erreichten, vorbei am privaten Waldfriedhof der Familie Knigge, unseren Weg durch den Wald. Dieser Mischwald bietet Heimat f\u00fcr etliche heimische Tierarten. Wanderer die mit offenen Augen und Ohren die Natur erleben wollen, sind hier richtig. Wer Gl\u00fcck hat, so ist zu lesen, kann auf Rot- und Rehwild treffen oder eine Wildschweinrotte beim Futtersuchen beobachten. Wir hatten leider kein Gl\u00fcck.<\/p>\n\n\n\n<p>Nach unserer Einkehr in der schon erw\u00e4hnten Gastronomie war noch ein Gang \u00fcber das ehemalige Gel\u00e4nde der Glasfabrikation angesagt. Zu bewundern ist der noch vorhandene Glash\u00fcttenturm in dem einst Rohstoffe wie Holz, Kohle und Quarzsand zu Glas verschmolzen wurden. Im Jahr 2013 stellte der Verein Forum Glas aus Bad M\u00fcnder die Produktion an dieser Stelle ein. Nun steht dieser Turm unter Denkmalschutz und animiert so manchen Besucher sich \u00fcber Glasherstellung zu informieren.\u00a0 <\/p>\n\n\n\n<p><em>GDK\u00a0<\/em><\/p>\n\n\n\n<p><\/p>\n","protected":false},"excerpt":{"rendered":"<p>Die B\u00e4ume im Deister hatten sich nach der Winter-pause mit frischem Gr\u00fcn geschm\u00fcckt. Ein Gr\u00fcn, was nur in diesen Fr\u00fchlingstagen zu bewundern ist. Unsere Wandergruppe war begeistert von diesen Farben des Waldes und dem dazugeh\u00f6rigen Sonnenschein. Nicht nur die im fortschreitenden Alter so wichtige Beweglichkeit wird hierdurch unterst\u00fctzt, auch die innere Zufriedenheit bekommt ihre Streicheleinheiten. Ausgangspunkt der Wanderung war die<\/p>\n","protected":false},"author":6,"featured_media":1176,"comment_status":"open","ping_status":"open","sticky":false,"template":"","format":"standard","meta":{"footnotes":""},"categories":[1,9],"tags":[],"class_list":["post-1173","post","type-post","status-publish","format-standard","has-post-thumbnail","hentry","category-allgemein","category-slider"],"yoast_head":"<!-- This site is optimized with the Yoast SEO plugin v27.2 - https:\/\/yoast.com\/product\/yoast-seo-wordpress\/ -->\n<title>Deisterwanderung - Ausgangspunkt Steinkrug - Heimatbund Ronnenberg<\/title>\n<meta name=\"robots\" content=\"index, follow, max-snippet:-1, max-image-preview:large, max-video-preview:-1\" \/>\n<link rel=\"canonical\" href=\"https:\/\/www.heimatbund-ronnenberg.de\/?p=1173\" \/>\n<meta property=\"og:locale\" content=\"de_DE\" \/>\n<meta property=\"og:type\" content=\"article\" \/>\n<meta property=\"og:title\" content=\"Deisterwanderung - Ausgangspunkt Steinkrug - Heimatbund Ronnenberg\" \/>\n<meta property=\"og:description\" content=\"Die B\u00e4ume im Deister hatten sich nach der Winter-pause mit frischem Gr\u00fcn geschm\u00fcckt. Ein Gr\u00fcn, was nur in diesen Fr\u00fchlingstagen zu bewundern ist. Unsere Wandergruppe war begeistert von diesen Farben des Waldes und dem dazugeh\u00f6rigen Sonnenschein. Nicht nur die im fortschreitenden Alter so wichtige Beweglichkeit wird hierdurch unterst\u00fctzt, auch die innere Zufriedenheit bekommt ihre Streicheleinheiten. Ausgangspunkt der Wanderung war die\" \/>\n<meta property=\"og:url\" content=\"https:\/\/www.heimatbund-ronnenberg.de\/?p=1173\" \/>\n<meta property=\"og:site_name\" content=\"Heimatbund Ronnenberg\" \/>\n<meta property=\"article:published_time\" content=\"2025-05-04T12:12:36+00:00\" \/>\n<meta property=\"article:modified_time\" content=\"2025-07-29T18:18:03+00:00\" \/>\n<meta property=\"og:image\" content=\"https:\/\/www.heimatbund-ronnenberg.de\/wp-content\/uploads\/2025\/05\/IMG_0962-scaled.jpg\" \/>\n\t<meta property=\"og:image:width\" content=\"2560\" \/>\n\t<meta property=\"og:image:height\" content=\"1920\" \/>\n\t<meta property=\"og:image:type\" content=\"image\/jpeg\" \/>\n<meta name=\"author\" content=\"Gerrit-Detlef K\u00fchne\" \/>\n<meta name=\"twitter:card\" content=\"summary_large_image\" \/>\n<meta name=\"twitter:label1\" content=\"Verfasst von\" \/>\n\t<meta name=\"twitter:data1\" content=\"Gerrit-Detlef K\u00fchne\" \/>\n\t<meta name=\"twitter:label2\" content=\"Gesch\u00e4tzte Lesezeit\" \/>\n\t<meta name=\"twitter:data2\" content=\"1\u00a0Minute\" \/>\n<script type=\"application\/ld+json\" class=\"yoast-schema-graph\">{\"@context\":\"https:\/\/schema.org\",\"@graph\":[{\"@type\":\"Article\",\"@id\":\"https:\/\/www.heimatbund-ronnenberg.de\/?p=1173#article\",\"isPartOf\":{\"@id\":\"https:\/\/www.heimatbund-ronnenberg.de\/?p=1173\"},\"author\":{\"name\":\"Gerrit-Detlef K\u00fchne\",\"@id\":\"https:\/\/www.heimatbund-ronnenberg.de\/#\/schema\/person\/8c79c189b7371461cf10cf57fb92055c\"},\"headline\":\"Deisterwanderung &#8211; Ausgangspunkt Steinkrug\",\"datePublished\":\"2025-05-04T12:12:36+00:00\",\"dateModified\":\"2025-07-29T18:18:03+00:00\",\"mainEntityOfPage\":{\"@id\":\"https:\/\/www.heimatbund-ronnenberg.de\/?p=1173\"},\"wordCount\":296,\"commentCount\":0,\"publisher\":{\"@id\":\"https:\/\/www.heimatbund-ronnenberg.de\/#organization\"},\"image\":{\"@id\":\"https:\/\/www.heimatbund-ronnenberg.de\/?p=1173#primaryimage\"},\"thumbnailUrl\":\"https:\/\/www.heimatbund-ronnenberg.de\/wp-content\/uploads\/2025\/05\/IMG_0962-scaled.jpg\",\"articleSection\":{\"1\":\"Slider\"},\"inLanguage\":\"de\",\"potentialAction\":[{\"@type\":\"CommentAction\",\"name\":\"Comment\",\"target\":[\"https:\/\/www.heimatbund-ronnenberg.de\/?p=1173#respond\"]}]},{\"@type\":\"WebPage\",\"@id\":\"https:\/\/www.heimatbund-ronnenberg.de\/?p=1173\",\"url\":\"https:\/\/www.heimatbund-ronnenberg.de\/?p=1173\",\"name\":\"Deisterwanderung - Ausgangspunkt Steinkrug - Heimatbund Ronnenberg\",\"isPartOf\":{\"@id\":\"https:\/\/www.heimatbund-ronnenberg.de\/#website\"},\"primaryImageOfPage\":{\"@id\":\"https:\/\/www.heimatbund-ronnenberg.de\/?p=1173#primaryimage\"},\"image\":{\"@id\":\"https:\/\/www.heimatbund-ronnenberg.de\/?p=1173#primaryimage\"},\"thumbnailUrl\":\"https:\/\/www.heimatbund-ronnenberg.de\/wp-content\/uploads\/2025\/05\/IMG_0962-scaled.jpg\",\"datePublished\":\"2025-05-04T12:12:36+00:00\",\"dateModified\":\"2025-07-29T18:18:03+00:00\",\"breadcrumb\":{\"@id\":\"https:\/\/www.heimatbund-ronnenberg.de\/?p=1173#breadcrumb\"},\"inLanguage\":\"de\",\"potentialAction\":[{\"@type\":\"ReadAction\",\"target\":[\"https:\/\/www.heimatbund-ronnenberg.de\/?p=1173\"]}]},{\"@type\":\"ImageObject\",\"inLanguage\":\"de\",\"@id\":\"https:\/\/www.heimatbund-ronnenberg.de\/?p=1173#primaryimage\",\"url\":\"https:\/\/www.heimatbund-ronnenberg.de\/wp-content\/uploads\/2025\/05\/IMG_0962-scaled.jpg\",\"contentUrl\":\"https:\/\/www.heimatbund-ronnenberg.de\/wp-content\/uploads\/2025\/05\/IMG_0962-scaled.jpg\",\"width\":2560,\"height\":1920},{\"@type\":\"BreadcrumbList\",\"@id\":\"https:\/\/www.heimatbund-ronnenberg.de\/?p=1173#breadcrumb\",\"itemListElement\":[{\"@type\":\"ListItem\",\"position\":1,\"name\":\"Startseite\",\"item\":\"https:\/\/www.heimatbund-ronnenberg.de\/\"},{\"@type\":\"ListItem\",\"position\":2,\"name\":\"Deisterwanderung &#8211; Ausgangspunkt Steinkrug\"}]},{\"@type\":\"WebSite\",\"@id\":\"https:\/\/www.heimatbund-ronnenberg.de\/#website\",\"url\":\"https:\/\/www.heimatbund-ronnenberg.de\/\",\"name\":\"Heimatbund Ronnenberg\",\"description\":\"Im Calenberger Land\",\"publisher\":{\"@id\":\"https:\/\/www.heimatbund-ronnenberg.de\/#organization\"},\"potentialAction\":[{\"@type\":\"SearchAction\",\"target\":{\"@type\":\"EntryPoint\",\"urlTemplate\":\"https:\/\/www.heimatbund-ronnenberg.de\/?s={search_term_string}\"},\"query-input\":{\"@type\":\"PropertyValueSpecification\",\"valueRequired\":true,\"valueName\":\"search_term_string\"}}],\"inLanguage\":\"de\"},{\"@type\":\"Organization\",\"@id\":\"https:\/\/www.heimatbund-ronnenberg.de\/#organization\",\"name\":\"Heimatbund Ronnenberg\",\"url\":\"https:\/\/www.heimatbund-ronnenberg.de\/\",\"logo\":{\"@type\":\"ImageObject\",\"inLanguage\":\"de\",\"@id\":\"https:\/\/www.heimatbund-ronnenberg.de\/#\/schema\/logo\/image\/\",\"url\":\"https:\/\/www.heimatbund-ronnenberg.de\/wp-content\/uploads\/2017\/03\/Favicon-e1613163573244.gif\",\"contentUrl\":\"https:\/\/www.heimatbund-ronnenberg.de\/wp-content\/uploads\/2017\/03\/Favicon-e1613163573244.gif\",\"width\":112,\"height\":112,\"caption\":\"Heimatbund Ronnenberg\"},\"image\":{\"@id\":\"https:\/\/www.heimatbund-ronnenberg.de\/#\/schema\/logo\/image\/\"}},{\"@type\":\"Person\",\"@id\":\"https:\/\/www.heimatbund-ronnenberg.de\/#\/schema\/person\/8c79c189b7371461cf10cf57fb92055c\",\"name\":\"Gerrit-Detlef K\u00fchne\",\"image\":{\"@type\":\"ImageObject\",\"inLanguage\":\"de\",\"@id\":\"https:\/\/secure.gravatar.com\/avatar\/93bee99834c468cbd991b9e40f8a1d9b3916334e5bc4d71060575f923d6b19b3?s=96&d=mm&r=g\",\"url\":\"https:\/\/secure.gravatar.com\/avatar\/93bee99834c468cbd991b9e40f8a1d9b3916334e5bc4d71060575f923d6b19b3?s=96&d=mm&r=g\",\"contentUrl\":\"https:\/\/secure.gravatar.com\/avatar\/93bee99834c468cbd991b9e40f8a1d9b3916334e5bc4d71060575f923d6b19b3?s=96&d=mm&r=g\",\"caption\":\"Gerrit-Detlef K\u00fchne\"},\"url\":\"https:\/\/www.heimatbund-ronnenberg.de\/?author=6\"}]}<\/script>\n<!-- \/ Yoast SEO plugin. -->","yoast_head_json":{"title":"Deisterwanderung - Ausgangspunkt Steinkrug - Heimatbund Ronnenberg","robots":{"index":"index","follow":"follow","max-snippet":"max-snippet:-1","max-image-preview":"max-image-preview:large","max-video-preview":"max-video-preview:-1"},"canonical":"https:\/\/www.heimatbund-ronnenberg.de\/?p=1173","og_locale":"de_DE","og_type":"article","og_title":"Deisterwanderung - Ausgangspunkt Steinkrug - Heimatbund Ronnenberg","og_description":"Die B\u00e4ume im Deister hatten sich nach der Winter-pause mit frischem Gr\u00fcn geschm\u00fcckt. Ein Gr\u00fcn, was nur in diesen Fr\u00fchlingstagen zu bewundern ist. Unsere Wandergruppe war begeistert von diesen Farben des Waldes und dem dazugeh\u00f6rigen Sonnenschein. Nicht nur die im fortschreitenden Alter so wichtige Beweglichkeit wird hierdurch unterst\u00fctzt, auch die innere Zufriedenheit bekommt ihre Streicheleinheiten. Ausgangspunkt der Wanderung war die","og_url":"https:\/\/www.heimatbund-ronnenberg.de\/?p=1173","og_site_name":"Heimatbund Ronnenberg","article_published_time":"2025-05-04T12:12:36+00:00","article_modified_time":"2025-07-29T18:18:03+00:00","og_image":[{"width":2560,"height":1920,"url":"https:\/\/www.heimatbund-ronnenberg.de\/wp-content\/uploads\/2025\/05\/IMG_0962-scaled.jpg","type":"image\/jpeg"}],"author":"Gerrit-Detlef K\u00fchne","twitter_card":"summary_large_image","twitter_misc":{"Verfasst von":"Gerrit-Detlef K\u00fchne","Gesch\u00e4tzte Lesezeit":"1\u00a0Minute"},"schema":{"@context":"https:\/\/schema.org","@graph":[{"@type":"Article","@id":"https:\/\/www.heimatbund-ronnenberg.de\/?p=1173#article","isPartOf":{"@id":"https:\/\/www.heimatbund-ronnenberg.de\/?p=1173"},"author":{"name":"Gerrit-Detlef K\u00fchne","@id":"https:\/\/www.heimatbund-ronnenberg.de\/#\/schema\/person\/8c79c189b7371461cf10cf57fb92055c"},"headline":"Deisterwanderung &#8211; Ausgangspunkt Steinkrug","datePublished":"2025-05-04T12:12:36+00:00","dateModified":"2025-07-29T18:18:03+00:00","mainEntityOfPage":{"@id":"https:\/\/www.heimatbund-ronnenberg.de\/?p=1173"},"wordCount":296,"commentCount":0,"publisher":{"@id":"https:\/\/www.heimatbund-ronnenberg.de\/#organization"},"image":{"@id":"https:\/\/www.heimatbund-ronnenberg.de\/?p=1173#primaryimage"},"thumbnailUrl":"https:\/\/www.heimatbund-ronnenberg.de\/wp-content\/uploads\/2025\/05\/IMG_0962-scaled.jpg","articleSection":{"1":"Slider"},"inLanguage":"de","potentialAction":[{"@type":"CommentAction","name":"Comment","target":["https:\/\/www.heimatbund-ronnenberg.de\/?p=1173#respond"]}]},{"@type":"WebPage","@id":"https:\/\/www.heimatbund-ronnenberg.de\/?p=1173","url":"https:\/\/www.heimatbund-ronnenberg.de\/?p=1173","name":"Deisterwanderung - Ausgangspunkt Steinkrug - Heimatbund Ronnenberg","isPartOf":{"@id":"https:\/\/www.heimatbund-ronnenberg.de\/#website"},"primaryImageOfPage":{"@id":"https:\/\/www.heimatbund-ronnenberg.de\/?p=1173#primaryimage"},"image":{"@id":"https:\/\/www.heimatbund-ronnenberg.de\/?p=1173#primaryimage"},"thumbnailUrl":"https:\/\/www.heimatbund-ronnenberg.de\/wp-content\/uploads\/2025\/05\/IMG_0962-scaled.jpg","datePublished":"2025-05-04T12:12:36+00:00","dateModified":"2025-07-29T18:18:03+00:00","breadcrumb":{"@id":"https:\/\/www.heimatbund-ronnenberg.de\/?p=1173#breadcrumb"},"inLanguage":"de","potentialAction":[{"@type":"ReadAction","target":["https:\/\/www.heimatbund-ronnenberg.de\/?p=1173"]}]},{"@type":"ImageObject","inLanguage":"de","@id":"https:\/\/www.heimatbund-ronnenberg.de\/?p=1173#primaryimage","url":"https:\/\/www.heimatbund-ronnenberg.de\/wp-content\/uploads\/2025\/05\/IMG_0962-scaled.jpg","contentUrl":"https:\/\/www.heimatbund-ronnenberg.de\/wp-content\/uploads\/2025\/05\/IMG_0962-scaled.jpg","width":2560,"height":1920},{"@type":"BreadcrumbList","@id":"https:\/\/www.heimatbund-ronnenberg.de\/?p=1173#breadcrumb","itemListElement":[{"@type":"ListItem","position":1,"name":"Startseite","item":"https:\/\/www.heimatbund-ronnenberg.de\/"},{"@type":"ListItem","position":2,"name":"Deisterwanderung &#8211; Ausgangspunkt Steinkrug"}]},{"@type":"WebSite","@id":"https:\/\/www.heimatbund-ronnenberg.de\/#website","url":"https:\/\/www.heimatbund-ronnenberg.de\/","name":"Heimatbund Ronnenberg","description":"Im Calenberger Land","publisher":{"@id":"https:\/\/www.heimatbund-ronnenberg.de\/#organization"},"potentialAction":[{"@type":"SearchAction","target":{"@type":"EntryPoint","urlTemplate":"https:\/\/www.heimatbund-ronnenberg.de\/?s={search_term_string}"},"query-input":{"@type":"PropertyValueSpecification","valueRequired":true,"valueName":"search_term_string"}}],"inLanguage":"de"},{"@type":"Organization","@id":"https:\/\/www.heimatbund-ronnenberg.de\/#organization","name":"Heimatbund Ronnenberg","url":"https:\/\/www.heimatbund-ronnenberg.de\/","logo":{"@type":"ImageObject","inLanguage":"de","@id":"https:\/\/www.heimatbund-ronnenberg.de\/#\/schema\/logo\/image\/","url":"https:\/\/www.heimatbund-ronnenberg.de\/wp-content\/uploads\/2017\/03\/Favicon-e1613163573244.gif","contentUrl":"https:\/\/www.heimatbund-ronnenberg.de\/wp-content\/uploads\/2017\/03\/Favicon-e1613163573244.gif","width":112,"height":112,"caption":"Heimatbund Ronnenberg"},"image":{"@id":"https:\/\/www.heimatbund-ronnenberg.de\/#\/schema\/logo\/image\/"}},{"@type":"Person","@id":"https:\/\/www.heimatbund-ronnenberg.de\/#\/schema\/person\/8c79c189b7371461cf10cf57fb92055c","name":"Gerrit-Detlef K\u00fchne","image":{"@type":"ImageObject","inLanguage":"de","@id":"https:\/\/secure.gravatar.com\/avatar\/93bee99834c468cbd991b9e40f8a1d9b3916334e5bc4d71060575f923d6b19b3?s=96&d=mm&r=g","url":"https:\/\/secure.gravatar.com\/avatar\/93bee99834c468cbd991b9e40f8a1d9b3916334e5bc4d71060575f923d6b19b3?s=96&d=mm&r=g","contentUrl":"https:\/\/secure.gravatar.com\/avatar\/93bee99834c468cbd991b9e40f8a1d9b3916334e5bc4d71060575f923d6b19b3?s=96&d=mm&r=g","caption":"Gerrit-Detlef K\u00fchne"},"url":"https:\/\/www.heimatbund-ronnenberg.de\/?author=6"}]}},"_links":{"self":[{"href":"https:\/\/www.heimatbund-ronnenberg.de\/index.php?rest_route=\/wp\/v2\/posts\/1173","targetHints":{"allow":["GET"]}}],"collection":[{"href":"https:\/\/www.heimatbund-ronnenberg.de\/index.php?rest_route=\/wp\/v2\/posts"}],"about":[{"href":"https:\/\/www.heimatbund-ronnenberg.de\/index.php?rest_route=\/wp\/v2\/types\/post"}],"author":[{"embeddable":true,"href":"https:\/\/www.heimatbund-ronnenberg.de\/index.php?rest_route=\/wp\/v2\/users\/6"}],"replies":[{"embeddable":true,"href":"https:\/\/www.heimatbund-ronnenberg.de\/index.php?rest_route=%2Fwp%2Fv2%2Fcomments&post=1173"}],"version-history":[{"count":3,"href":"https:\/\/www.heimatbund-ronnenberg.de\/index.php?rest_route=\/wp\/v2\/posts\/1173\/revisions"}],"predecessor-version":[{"id":1177,"href":"https:\/\/www.heimatbund-ronnenberg.de\/index.php?rest_route=\/wp\/v2\/posts\/1173\/revisions\/1177"}],"wp:featuredmedia":[{"embeddable":true,"href":"https:\/\/www.heimatbund-ronnenberg.de\/index.php?rest_route=\/wp\/v2\/media\/1176"}],"wp:attachment":[{"href":"https:\/\/www.heimatbund-ronnenberg.de\/index.php?rest_route=%2Fwp%2Fv2%2Fmedia&parent=1173"}],"wp:term":[{"taxonomy":"category","embeddable":true,"href":"https:\/\/www.heimatbund-ronnenberg.de\/index.php?rest_route=%2Fwp%2Fv2%2Fcategories&post=1173"},{"taxonomy":"post_tag","embeddable":true,"href":"https:\/\/www.heimatbund-ronnenberg.de\/index.php?rest_route=%2Fwp%2Fv2%2Ftags&post=1173"}],"curies":[{"name":"wp","href":"https:\/\/api.w.org\/{rel}","templated":true}]}}