{"id":1334,"date":"2026-01-26T16:37:02","date_gmt":"2026-01-26T15:37:02","guid":{"rendered":"https:\/\/www.heimatbund-ronnenberg.de\/?p=1334"},"modified":"2026-01-26T17:06:22","modified_gmt":"2026-01-26T16:06:22","slug":"winterwanderung-im-gehrdener-berg","status":"publish","type":"post","link":"https:\/\/www.heimatbund-ronnenberg.de\/?p=1334","title":{"rendered":"Winterwanderung im Gehrdener Berg"},"content":{"rendered":"\n<p>Bei Minusgraden und eisigem Ostwind machten sich die Wandertruppe des Heimatbundes auf den Weg. Entsprechend dieser Witterung waren auch alle angezogen. Sonne war nicht zu sehen. Es geht auf den Gehrdener Hausberg. Endlich, im Schutz des Waldes war es angenehmer. Das gefrorene Laub knirschte unter den Schuhen.<\/p>\n\n\n\n<p>Das Calenberger Land breitete sich im tr\u00fcben Licht vor uns aus, der H\u00f6henzug des Deisters war gerade noch zu erkennen. Auf der H\u00f6he, am Berggasthaus Niedersachsen legten wir eine Pause ein. Einst hatten die Hannoverschen Verkehrsbetriebe hier ein imposantes Geb\u00e4ude errichtet, dass Berggasthaus Niedersachsen. Die \u201eber\u00fchmte\u201c Stra\u00dfenbahnlinie 10 fuhr hier bis zu den Trippschen Terrassen. Unsere Gruppe interessierte sich aber mehr f\u00fcr ein Rudel Damwild, das im Gehege an der alten Windm\u00fchle stand. Der \u201eAnf\u00fchrer\u201c mit seiner gro\u00dfen Schaufel stand im Hintergrund und bewachte seine Herde.<\/p>\n\n\n\n<p>Trotz der K\u00e4lte trauten wir uns nochmal aufs offene Gel\u00e4nde. An der Mergelgrube waren noch andere Spazierg\u00e4nger unterwegs. Auch sie wollten die besonderen Eindr\u00fccke dieses Winters mitnehmen.<\/p>\n\n\n\n<p>Der Abstieg nach Gehrden f\u00fchrte an einem Ort vorbei, an den sich einige in unserer Gruppe noch erinnern konnten. An der K\u00f6thnerberg Stra\u00dfe stand bis in die 1960er Jahre das Ausflugslokal Waldschl\u00f6sschen, und hier war im Untergeschoss die sogenannte R\u00e4uberh\u00f6hle, ein Tanztreffpunkt f\u00fcr junges Publikum.<\/p>\n\n\n\n<p>\u201eHeute ein Erinnerungsort der vorbeiwandernden \u00e4lteren Generation\u201c.<\/p>\n\n\n\n<p>Endlich k\u00f6nnen wir in einem warmen Gastraum die dicken Jacken ausziehen. Christa unsere Wanderf\u00fchrerin hat uns mal wieder in einen zwar kalten, aber auch sch\u00f6nen Tag gef\u00fchrt.<\/p>\n\n\n\n<p>&nbsp;&nbsp;&nbsp;&nbsp;&nbsp;&nbsp;&nbsp;&nbsp;&nbsp;&nbsp;&nbsp;&nbsp;&nbsp;&nbsp;&nbsp;&nbsp;&nbsp;&nbsp;&nbsp;&nbsp;&nbsp;&nbsp;&nbsp;&nbsp;&nbsp;&nbsp;&nbsp;&nbsp;&nbsp;&nbsp;&nbsp;&nbsp;&nbsp;&nbsp;&nbsp;&nbsp;&nbsp;&nbsp;&nbsp;&nbsp;&nbsp;&nbsp;&nbsp;&nbsp;&nbsp;&nbsp;&nbsp;&nbsp;&nbsp;&nbsp;&nbsp;&nbsp;&nbsp;&nbsp;&nbsp;&nbsp;&nbsp;&nbsp;&nbsp;&nbsp;&nbsp;&nbsp;&nbsp;&nbsp;&nbsp;&nbsp;&nbsp;&nbsp;&nbsp;&nbsp;&nbsp;&nbsp;&nbsp;&nbsp;&nbsp;&nbsp;&nbsp;&nbsp;&nbsp;&nbsp;&nbsp;&nbsp;&nbsp;&nbsp;&nbsp; Reinhard Tr\u00e4der<\/p>\n\n\n\n<p>Die n\u00e4chste Wanderung findet<\/p>\n\n\n\n<p>am 27.02.2026 statt.<\/p>\n","protected":false},"excerpt":{"rendered":"<p>Bei Minusgraden und eisigem Ostwind machten sich die Wandertruppe des Heimatbundes auf den Weg. Entsprechend dieser Witterung waren auch alle angezogen. Sonne war nicht zu sehen. Es geht auf den Gehrdener Hausberg. Endlich, im Schutz des Waldes war es angenehmer. Das gefrorene Laub knirschte unter den Schuhen. Das Calenberger Land breitete sich im tr\u00fcben Licht vor uns aus, der H\u00f6henzug<\/p>\n","protected":false},"author":7,"featured_media":1336,"comment_status":"closed","ping_status":"open","sticky":false,"template":"","format":"standard","meta":{"footnotes":""},"categories":[1,9],"tags":[],"class_list":["post-1334","post","type-post","status-publish","format-standard","has-post-thumbnail","hentry","category-allgemein","category-slider"],"yoast_head":"<!-- This site is optimized with the Yoast SEO plugin v27.2 - https:\/\/yoast.com\/product\/yoast-seo-wordpress\/ -->\n<title>Winterwanderung im Gehrdener Berg - Heimatbund Ronnenberg<\/title>\n<meta name=\"robots\" content=\"index, follow, max-snippet:-1, max-image-preview:large, max-video-preview:-1\" \/>\n<link rel=\"canonical\" href=\"https:\/\/www.heimatbund-ronnenberg.de\/?p=1334\" \/>\n<meta property=\"og:locale\" content=\"de_DE\" \/>\n<meta property=\"og:type\" content=\"article\" \/>\n<meta property=\"og:title\" content=\"Winterwanderung im Gehrdener Berg - Heimatbund Ronnenberg\" \/>\n<meta property=\"og:description\" content=\"Bei Minusgraden und eisigem Ostwind machten sich die Wandertruppe des Heimatbundes auf den Weg. Entsprechend dieser Witterung waren auch alle angezogen. Sonne war nicht zu sehen. Es geht auf den Gehrdener Hausberg. Endlich, im Schutz des Waldes war es angenehmer. Das gefrorene Laub knirschte unter den Schuhen. Das Calenberger Land breitete sich im tr\u00fcben Licht vor uns aus, der H\u00f6henzug\" \/>\n<meta property=\"og:url\" content=\"https:\/\/www.heimatbund-ronnenberg.de\/?p=1334\" \/>\n<meta property=\"og:site_name\" content=\"Heimatbund Ronnenberg\" \/>\n<meta property=\"article:published_time\" content=\"2026-01-26T15:37:02+00:00\" \/>\n<meta property=\"article:modified_time\" content=\"2026-01-26T16:06:22+00:00\" \/>\n<meta property=\"og:image\" content=\"https:\/\/www.heimatbund-ronnenberg.de\/wp-content\/uploads\/2026\/01\/IMG_1035-2026.01.23-scaled-e1769443483362.jpg\" \/>\n\t<meta property=\"og:image:width\" content=\"2108\" \/>\n\t<meta property=\"og:image:height\" content=\"1583\" \/>\n\t<meta property=\"og:image:type\" content=\"image\/jpeg\" \/>\n<meta name=\"author\" content=\"Reinhard Tr\u00e4der\" \/>\n<meta name=\"twitter:card\" content=\"summary_large_image\" \/>\n<meta name=\"twitter:label1\" content=\"Verfasst von\" \/>\n\t<meta name=\"twitter:data1\" content=\"Reinhard Tr\u00e4der\" \/>\n\t<meta name=\"twitter:label2\" content=\"Gesch\u00e4tzte Lesezeit\" \/>\n\t<meta name=\"twitter:data2\" content=\"2\u00a0Minuten\" \/>\n<script type=\"application\/ld+json\" class=\"yoast-schema-graph\">{\"@context\":\"https:\/\/schema.org\",\"@graph\":[{\"@type\":\"Article\",\"@id\":\"https:\/\/www.heimatbund-ronnenberg.de\/?p=1334#article\",\"isPartOf\":{\"@id\":\"https:\/\/www.heimatbund-ronnenberg.de\/?p=1334\"},\"author\":{\"name\":\"Reinhard Tr\u00e4der\",\"@id\":\"https:\/\/www.heimatbund-ronnenberg.de\/#\/schema\/person\/56f9d32817b71f68df9ff8b8ecf07bd1\"},\"headline\":\"Winterwanderung im Gehrdener Berg\",\"datePublished\":\"2026-01-26T15:37:02+00:00\",\"dateModified\":\"2026-01-26T16:06:22+00:00\",\"mainEntityOfPage\":{\"@id\":\"https:\/\/www.heimatbund-ronnenberg.de\/?p=1334\"},\"wordCount\":362,\"publisher\":{\"@id\":\"https:\/\/www.heimatbund-ronnenberg.de\/#organization\"},\"image\":{\"@id\":\"https:\/\/www.heimatbund-ronnenberg.de\/?p=1334#primaryimage\"},\"thumbnailUrl\":\"https:\/\/www.heimatbund-ronnenberg.de\/wp-content\/uploads\/2026\/01\/IMG_1035-2026.01.23-scaled-e1769443483362.jpg\",\"articleSection\":{\"1\":\"Slider\"},\"inLanguage\":\"de\"},{\"@type\":\"WebPage\",\"@id\":\"https:\/\/www.heimatbund-ronnenberg.de\/?p=1334\",\"url\":\"https:\/\/www.heimatbund-ronnenberg.de\/?p=1334\",\"name\":\"Winterwanderung im Gehrdener Berg - Heimatbund Ronnenberg\",\"isPartOf\":{\"@id\":\"https:\/\/www.heimatbund-ronnenberg.de\/#website\"},\"primaryImageOfPage\":{\"@id\":\"https:\/\/www.heimatbund-ronnenberg.de\/?p=1334#primaryimage\"},\"image\":{\"@id\":\"https:\/\/www.heimatbund-ronnenberg.de\/?p=1334#primaryimage\"},\"thumbnailUrl\":\"https:\/\/www.heimatbund-ronnenberg.de\/wp-content\/uploads\/2026\/01\/IMG_1035-2026.01.23-scaled-e1769443483362.jpg\",\"datePublished\":\"2026-01-26T15:37:02+00:00\",\"dateModified\":\"2026-01-26T16:06:22+00:00\",\"breadcrumb\":{\"@id\":\"https:\/\/www.heimatbund-ronnenberg.de\/?p=1334#breadcrumb\"},\"inLanguage\":\"de\",\"potentialAction\":[{\"@type\":\"ReadAction\",\"target\":[\"https:\/\/www.heimatbund-ronnenberg.de\/?p=1334\"]}]},{\"@type\":\"ImageObject\",\"inLanguage\":\"de\",\"@id\":\"https:\/\/www.heimatbund-ronnenberg.de\/?p=1334#primaryimage\",\"url\":\"https:\/\/www.heimatbund-ronnenberg.de\/wp-content\/uploads\/2026\/01\/IMG_1035-2026.01.23-scaled-e1769443483362.jpg\",\"contentUrl\":\"https:\/\/www.heimatbund-ronnenberg.de\/wp-content\/uploads\/2026\/01\/IMG_1035-2026.01.23-scaled-e1769443483362.jpg\",\"width\":2108,\"height\":1583},{\"@type\":\"BreadcrumbList\",\"@id\":\"https:\/\/www.heimatbund-ronnenberg.de\/?p=1334#breadcrumb\",\"itemListElement\":[{\"@type\":\"ListItem\",\"position\":1,\"name\":\"Startseite\",\"item\":\"https:\/\/www.heimatbund-ronnenberg.de\/\"},{\"@type\":\"ListItem\",\"position\":2,\"name\":\"Winterwanderung im Gehrdener Berg\"}]},{\"@type\":\"WebSite\",\"@id\":\"https:\/\/www.heimatbund-ronnenberg.de\/#website\",\"url\":\"https:\/\/www.heimatbund-ronnenberg.de\/\",\"name\":\"Heimatbund Ronnenberg\",\"description\":\"Im Calenberger Land\",\"publisher\":{\"@id\":\"https:\/\/www.heimatbund-ronnenberg.de\/#organization\"},\"potentialAction\":[{\"@type\":\"SearchAction\",\"target\":{\"@type\":\"EntryPoint\",\"urlTemplate\":\"https:\/\/www.heimatbund-ronnenberg.de\/?s={search_term_string}\"},\"query-input\":{\"@type\":\"PropertyValueSpecification\",\"valueRequired\":true,\"valueName\":\"search_term_string\"}}],\"inLanguage\":\"de\"},{\"@type\":\"Organization\",\"@id\":\"https:\/\/www.heimatbund-ronnenberg.de\/#organization\",\"name\":\"Heimatbund Ronnenberg\",\"url\":\"https:\/\/www.heimatbund-ronnenberg.de\/\",\"logo\":{\"@type\":\"ImageObject\",\"inLanguage\":\"de\",\"@id\":\"https:\/\/www.heimatbund-ronnenberg.de\/#\/schema\/logo\/image\/\",\"url\":\"https:\/\/www.heimatbund-ronnenberg.de\/wp-content\/uploads\/2017\/03\/Favicon-e1613163573244.gif\",\"contentUrl\":\"https:\/\/www.heimatbund-ronnenberg.de\/wp-content\/uploads\/2017\/03\/Favicon-e1613163573244.gif\",\"width\":112,\"height\":112,\"caption\":\"Heimatbund Ronnenberg\"},\"image\":{\"@id\":\"https:\/\/www.heimatbund-ronnenberg.de\/#\/schema\/logo\/image\/\"}},{\"@type\":\"Person\",\"@id\":\"https:\/\/www.heimatbund-ronnenberg.de\/#\/schema\/person\/56f9d32817b71f68df9ff8b8ecf07bd1\",\"name\":\"Reinhard Tr\u00e4der\",\"image\":{\"@type\":\"ImageObject\",\"inLanguage\":\"de\",\"@id\":\"https:\/\/secure.gravatar.com\/avatar\/8168aae861270a607e905846d8d7a347a8ae58f85c355c5dd90ebb8a2169fe01?s=96&d=mm&r=g\",\"url\":\"https:\/\/secure.gravatar.com\/avatar\/8168aae861270a607e905846d8d7a347a8ae58f85c355c5dd90ebb8a2169fe01?s=96&d=mm&r=g\",\"contentUrl\":\"https:\/\/secure.gravatar.com\/avatar\/8168aae861270a607e905846d8d7a347a8ae58f85c355c5dd90ebb8a2169fe01?s=96&d=mm&r=g\",\"caption\":\"Reinhard Tr\u00e4der\"},\"url\":\"https:\/\/www.heimatbund-ronnenberg.de\/?author=7\"}]}<\/script>\n<!-- \/ Yoast SEO plugin. -->","yoast_head_json":{"title":"Winterwanderung im Gehrdener Berg - Heimatbund Ronnenberg","robots":{"index":"index","follow":"follow","max-snippet":"max-snippet:-1","max-image-preview":"max-image-preview:large","max-video-preview":"max-video-preview:-1"},"canonical":"https:\/\/www.heimatbund-ronnenberg.de\/?p=1334","og_locale":"de_DE","og_type":"article","og_title":"Winterwanderung im Gehrdener Berg - Heimatbund Ronnenberg","og_description":"Bei Minusgraden und eisigem Ostwind machten sich die Wandertruppe des Heimatbundes auf den Weg. Entsprechend dieser Witterung waren auch alle angezogen. Sonne war nicht zu sehen. Es geht auf den Gehrdener Hausberg. Endlich, im Schutz des Waldes war es angenehmer. Das gefrorene Laub knirschte unter den Schuhen. Das Calenberger Land breitete sich im tr\u00fcben Licht vor uns aus, der H\u00f6henzug","og_url":"https:\/\/www.heimatbund-ronnenberg.de\/?p=1334","og_site_name":"Heimatbund Ronnenberg","article_published_time":"2026-01-26T15:37:02+00:00","article_modified_time":"2026-01-26T16:06:22+00:00","og_image":[{"width":2108,"height":1583,"url":"https:\/\/www.heimatbund-ronnenberg.de\/wp-content\/uploads\/2026\/01\/IMG_1035-2026.01.23-scaled-e1769443483362.jpg","type":"image\/jpeg"}],"author":"Reinhard Tr\u00e4der","twitter_card":"summary_large_image","twitter_misc":{"Verfasst von":"Reinhard Tr\u00e4der","Gesch\u00e4tzte Lesezeit":"2\u00a0Minuten"},"schema":{"@context":"https:\/\/schema.org","@graph":[{"@type":"Article","@id":"https:\/\/www.heimatbund-ronnenberg.de\/?p=1334#article","isPartOf":{"@id":"https:\/\/www.heimatbund-ronnenberg.de\/?p=1334"},"author":{"name":"Reinhard Tr\u00e4der","@id":"https:\/\/www.heimatbund-ronnenberg.de\/#\/schema\/person\/56f9d32817b71f68df9ff8b8ecf07bd1"},"headline":"Winterwanderung im Gehrdener Berg","datePublished":"2026-01-26T15:37:02+00:00","dateModified":"2026-01-26T16:06:22+00:00","mainEntityOfPage":{"@id":"https:\/\/www.heimatbund-ronnenberg.de\/?p=1334"},"wordCount":362,"publisher":{"@id":"https:\/\/www.heimatbund-ronnenberg.de\/#organization"},"image":{"@id":"https:\/\/www.heimatbund-ronnenberg.de\/?p=1334#primaryimage"},"thumbnailUrl":"https:\/\/www.heimatbund-ronnenberg.de\/wp-content\/uploads\/2026\/01\/IMG_1035-2026.01.23-scaled-e1769443483362.jpg","articleSection":{"1":"Slider"},"inLanguage":"de"},{"@type":"WebPage","@id":"https:\/\/www.heimatbund-ronnenberg.de\/?p=1334","url":"https:\/\/www.heimatbund-ronnenberg.de\/?p=1334","name":"Winterwanderung im Gehrdener Berg - Heimatbund Ronnenberg","isPartOf":{"@id":"https:\/\/www.heimatbund-ronnenberg.de\/#website"},"primaryImageOfPage":{"@id":"https:\/\/www.heimatbund-ronnenberg.de\/?p=1334#primaryimage"},"image":{"@id":"https:\/\/www.heimatbund-ronnenberg.de\/?p=1334#primaryimage"},"thumbnailUrl":"https:\/\/www.heimatbund-ronnenberg.de\/wp-content\/uploads\/2026\/01\/IMG_1035-2026.01.23-scaled-e1769443483362.jpg","datePublished":"2026-01-26T15:37:02+00:00","dateModified":"2026-01-26T16:06:22+00:00","breadcrumb":{"@id":"https:\/\/www.heimatbund-ronnenberg.de\/?p=1334#breadcrumb"},"inLanguage":"de","potentialAction":[{"@type":"ReadAction","target":["https:\/\/www.heimatbund-ronnenberg.de\/?p=1334"]}]},{"@type":"ImageObject","inLanguage":"de","@id":"https:\/\/www.heimatbund-ronnenberg.de\/?p=1334#primaryimage","url":"https:\/\/www.heimatbund-ronnenberg.de\/wp-content\/uploads\/2026\/01\/IMG_1035-2026.01.23-scaled-e1769443483362.jpg","contentUrl":"https:\/\/www.heimatbund-ronnenberg.de\/wp-content\/uploads\/2026\/01\/IMG_1035-2026.01.23-scaled-e1769443483362.jpg","width":2108,"height":1583},{"@type":"BreadcrumbList","@id":"https:\/\/www.heimatbund-ronnenberg.de\/?p=1334#breadcrumb","itemListElement":[{"@type":"ListItem","position":1,"name":"Startseite","item":"https:\/\/www.heimatbund-ronnenberg.de\/"},{"@type":"ListItem","position":2,"name":"Winterwanderung im Gehrdener Berg"}]},{"@type":"WebSite","@id":"https:\/\/www.heimatbund-ronnenberg.de\/#website","url":"https:\/\/www.heimatbund-ronnenberg.de\/","name":"Heimatbund Ronnenberg","description":"Im Calenberger Land","publisher":{"@id":"https:\/\/www.heimatbund-ronnenberg.de\/#organization"},"potentialAction":[{"@type":"SearchAction","target":{"@type":"EntryPoint","urlTemplate":"https:\/\/www.heimatbund-ronnenberg.de\/?s={search_term_string}"},"query-input":{"@type":"PropertyValueSpecification","valueRequired":true,"valueName":"search_term_string"}}],"inLanguage":"de"},{"@type":"Organization","@id":"https:\/\/www.heimatbund-ronnenberg.de\/#organization","name":"Heimatbund Ronnenberg","url":"https:\/\/www.heimatbund-ronnenberg.de\/","logo":{"@type":"ImageObject","inLanguage":"de","@id":"https:\/\/www.heimatbund-ronnenberg.de\/#\/schema\/logo\/image\/","url":"https:\/\/www.heimatbund-ronnenberg.de\/wp-content\/uploads\/2017\/03\/Favicon-e1613163573244.gif","contentUrl":"https:\/\/www.heimatbund-ronnenberg.de\/wp-content\/uploads\/2017\/03\/Favicon-e1613163573244.gif","width":112,"height":112,"caption":"Heimatbund Ronnenberg"},"image":{"@id":"https:\/\/www.heimatbund-ronnenberg.de\/#\/schema\/logo\/image\/"}},{"@type":"Person","@id":"https:\/\/www.heimatbund-ronnenberg.de\/#\/schema\/person\/56f9d32817b71f68df9ff8b8ecf07bd1","name":"Reinhard Tr\u00e4der","image":{"@type":"ImageObject","inLanguage":"de","@id":"https:\/\/secure.gravatar.com\/avatar\/8168aae861270a607e905846d8d7a347a8ae58f85c355c5dd90ebb8a2169fe01?s=96&d=mm&r=g","url":"https:\/\/secure.gravatar.com\/avatar\/8168aae861270a607e905846d8d7a347a8ae58f85c355c5dd90ebb8a2169fe01?s=96&d=mm&r=g","contentUrl":"https:\/\/secure.gravatar.com\/avatar\/8168aae861270a607e905846d8d7a347a8ae58f85c355c5dd90ebb8a2169fe01?s=96&d=mm&r=g","caption":"Reinhard Tr\u00e4der"},"url":"https:\/\/www.heimatbund-ronnenberg.de\/?author=7"}]}},"_links":{"self":[{"href":"https:\/\/www.heimatbund-ronnenberg.de\/index.php?rest_route=\/wp\/v2\/posts\/1334","targetHints":{"allow":["GET"]}}],"collection":[{"href":"https:\/\/www.heimatbund-ronnenberg.de\/index.php?rest_route=\/wp\/v2\/posts"}],"about":[{"href":"https:\/\/www.heimatbund-ronnenberg.de\/index.php?rest_route=\/wp\/v2\/types\/post"}],"author":[{"embeddable":true,"href":"https:\/\/www.heimatbund-ronnenberg.de\/index.php?rest_route=\/wp\/v2\/users\/7"}],"replies":[{"embeddable":true,"href":"https:\/\/www.heimatbund-ronnenberg.de\/index.php?rest_route=%2Fwp%2Fv2%2Fcomments&post=1334"}],"version-history":[{"count":1,"href":"https:\/\/www.heimatbund-ronnenberg.de\/index.php?rest_route=\/wp\/v2\/posts\/1334\/revisions"}],"predecessor-version":[{"id":1335,"href":"https:\/\/www.heimatbund-ronnenberg.de\/index.php?rest_route=\/wp\/v2\/posts\/1334\/revisions\/1335"}],"wp:featuredmedia":[{"embeddable":true,"href":"https:\/\/www.heimatbund-ronnenberg.de\/index.php?rest_route=\/wp\/v2\/media\/1336"}],"wp:attachment":[{"href":"https:\/\/www.heimatbund-ronnenberg.de\/index.php?rest_route=%2Fwp%2Fv2%2Fmedia&parent=1334"}],"wp:term":[{"taxonomy":"category","embeddable":true,"href":"https:\/\/www.heimatbund-ronnenberg.de\/index.php?rest_route=%2Fwp%2Fv2%2Fcategories&post=1334"},{"taxonomy":"post_tag","embeddable":true,"href":"https:\/\/www.heimatbund-ronnenberg.de\/index.php?rest_route=%2Fwp%2Fv2%2Ftags&post=1334"}],"curies":[{"name":"wp","href":"https:\/\/api.w.org\/{rel}","templated":true}]}}