{"id":444,"date":"2018-04-01T17:22:08","date_gmt":"2018-04-01T15:22:08","guid":{"rendered":"http:\/\/www.heimatbund-ronnenberg.de\/?p=444"},"modified":"2019-10-10T13:37:26","modified_gmt":"2019-10-10T11:37:26","slug":"fruehlingswanderung-in-den-suentel","status":"publish","type":"post","link":"https:\/\/www.heimatbund-ronnenberg.de\/?p=444","title":{"rendered":"Fr\u00fchlingswanderung in den S\u00fcntel"},"content":{"rendered":"<p>Die Wandergruppe des Heimatbundes hatte sich vorgenommen, den Karfreitag f\u00fcr eine Fr\u00fchlingswanderung in den S\u00fcntel zu nutzen. Das Wetter sorgte f\u00fcr Sonnenschein und trockene Wege, die noch im winterlichen Kleid befindliche Natur, mit seinen unbelaubten, noch kahlen B\u00e4umen, erweckte in uns Wanderern eine vor\u00f6sterliche und fr\u00fchlingserwartende Stimmung. Dieser ca. 440m hohe Gebirgskamm, mit seinem Doppelgipfel \u203aHohen Egge\u2039 gibt dem Landschaftraum des Weserberglandes sein Gepr\u00e4ge und geh\u00f6rt zum Naturpark \u203aSchaumburg-Hameln\u2039. Um die teilweise \u00e4lteren Mitwanderer nicht zu \u00fcberfordern, wurde auf den recht steilen Anstieg zum S\u00fcntelturm verzichtet, stattdessen verlief die Wanderroute des heutigen Tages in einem gem\u00e4\u00dfigten Auf- und Ab. Trotz christlicher Fastenzeit, wurde zur St\u00e4rkung Einkehr in einem nahegelegenen, historischen Ausflugslokal \u00a0gehalten. Wie weit sich die Wanderer an das Fastengebot der vor\u00f6sterlichen Zeit &#8211; kein Alkohol, kein Fleisch \u2013 an diesem h\u00f6chsten christlichen Feiertag gehalten haben, bleibt an dieser Stelle unbeantwortet. Die aufkommenden Tischgespr\u00e4che drehten sich haupts\u00e4chlich um die Frage, wann \u00fcberl\u00e4sst der Winter dem Fr\u00fchling endlich seinen Platz und wie gestalten sich die Ostertage im Kreise der Familien. Wieder einmal hatte ein gelungener Wandertag, wie immer, von unserer Wanderf\u00fchrerin Christa H\u00f6fer organisiert, sein Ende gefunden.<\/p>\n<p>&nbsp;<\/p>\n<p>&nbsp;<\/p>\n<p>&nbsp;<\/p>\n<p>&nbsp;<\/p>\n<p>&nbsp;<\/p>\n<p>&nbsp;<\/p>\n<p>&nbsp;<\/p>\n<p>&nbsp;<\/p>\n<p>&nbsp;<\/p>\n<p>&nbsp;<\/p>\n<p>&nbsp;<\/p>\n","protected":false},"excerpt":{"rendered":"<p>Die Wandergruppe des Heimatbundes hatte sich vorgenommen, den Karfreitag f\u00fcr eine Fr\u00fchlingswanderung in den S\u00fcntel zu nutzen. Das Wetter sorgte f\u00fcr Sonnenschein und trockene Wege, die noch im winterlichen Kleid befindliche Natur, mit seinen unbelaubten, noch kahlen B\u00e4umen, erweckte in uns Wanderern eine vor\u00f6sterliche und fr\u00fchlingserwartende Stimmung. Dieser ca. 440m hohe Gebirgskamm, mit seinem Doppelgipfel \u203aHohen Egge\u2039 gibt dem Landschaftraum<\/p>\n","protected":false},"author":6,"featured_media":446,"comment_status":"closed","ping_status":"open","sticky":false,"template":"","format":"standard","meta":{"footnotes":""},"categories":[1],"tags":[],"class_list":["post-444","post","type-post","status-publish","format-standard","has-post-thumbnail","hentry","category-allgemein"],"yoast_head":"<!-- This site is optimized with the Yoast SEO plugin v27.2 - https:\/\/yoast.com\/product\/yoast-seo-wordpress\/ -->\n<title>Fr\u00fchlingswanderung in den S\u00fcntel - Heimatbund Ronnenberg<\/title>\n<meta name=\"robots\" content=\"index, follow, max-snippet:-1, max-image-preview:large, max-video-preview:-1\" \/>\n<link rel=\"canonical\" href=\"https:\/\/www.heimatbund-ronnenberg.de\/?p=444\" \/>\n<meta property=\"og:locale\" content=\"de_DE\" \/>\n<meta property=\"og:type\" content=\"article\" \/>\n<meta property=\"og:title\" content=\"Fr\u00fchlingswanderung in den S\u00fcntel - Heimatbund Ronnenberg\" \/>\n<meta property=\"og:description\" content=\"Die Wandergruppe des Heimatbundes hatte sich vorgenommen, den Karfreitag f\u00fcr eine Fr\u00fchlingswanderung in den S\u00fcntel zu nutzen. Das Wetter sorgte f\u00fcr Sonnenschein und trockene Wege, die noch im winterlichen Kleid befindliche Natur, mit seinen unbelaubten, noch kahlen B\u00e4umen, erweckte in uns Wanderern eine vor\u00f6sterliche und fr\u00fchlingserwartende Stimmung. Dieser ca. 440m hohe Gebirgskamm, mit seinem Doppelgipfel \u203aHohen Egge\u2039 gibt dem Landschaftraum\" \/>\n<meta property=\"og:url\" content=\"https:\/\/www.heimatbund-ronnenberg.de\/?p=444\" \/>\n<meta property=\"og:site_name\" content=\"Heimatbund Ronnenberg\" \/>\n<meta property=\"article:published_time\" content=\"2018-04-01T15:22:08+00:00\" \/>\n<meta property=\"article:modified_time\" content=\"2019-10-10T11:37:26+00:00\" \/>\n<meta property=\"og:image\" content=\"https:\/\/www.heimatbund-ronnenberg.de\/wp-content\/uploads\/2018\/04\/IMG_0599.jpg\" \/>\n\t<meta property=\"og:image:width\" content=\"3456\" \/>\n\t<meta property=\"og:image:height\" content=\"2592\" \/>\n\t<meta property=\"og:image:type\" content=\"image\/jpeg\" \/>\n<meta name=\"author\" content=\"Gerrit-Detlef K\u00fchne\" \/>\n<meta name=\"twitter:card\" content=\"summary_large_image\" \/>\n<meta name=\"twitter:label1\" content=\"Verfasst von\" \/>\n\t<meta name=\"twitter:data1\" content=\"Gerrit-Detlef K\u00fchne\" \/>\n\t<meta name=\"twitter:label2\" content=\"Gesch\u00e4tzte Lesezeit\" \/>\n\t<meta name=\"twitter:data2\" content=\"1\u00a0Minute\" \/>\n<script type=\"application\/ld+json\" class=\"yoast-schema-graph\">{\"@context\":\"https:\/\/schema.org\",\"@graph\":[{\"@type\":\"Article\",\"@id\":\"https:\/\/www.heimatbund-ronnenberg.de\/?p=444#article\",\"isPartOf\":{\"@id\":\"https:\/\/www.heimatbund-ronnenberg.de\/?p=444\"},\"author\":{\"name\":\"Gerrit-Detlef K\u00fchne\",\"@id\":\"https:\/\/www.heimatbund-ronnenberg.de\/#\/schema\/person\/8c79c189b7371461cf10cf57fb92055c\"},\"headline\":\"Fr\u00fchlingswanderung in den S\u00fcntel\",\"datePublished\":\"2018-04-01T15:22:08+00:00\",\"dateModified\":\"2019-10-10T11:37:26+00:00\",\"mainEntityOfPage\":{\"@id\":\"https:\/\/www.heimatbund-ronnenberg.de\/?p=444\"},\"wordCount\":222,\"publisher\":{\"@id\":\"https:\/\/www.heimatbund-ronnenberg.de\/#organization\"},\"image\":{\"@id\":\"https:\/\/www.heimatbund-ronnenberg.de\/?p=444#primaryimage\"},\"thumbnailUrl\":\"https:\/\/www.heimatbund-ronnenberg.de\/wp-content\/uploads\/2018\/04\/IMG_0599.jpg\",\"inLanguage\":\"de\"},{\"@type\":\"WebPage\",\"@id\":\"https:\/\/www.heimatbund-ronnenberg.de\/?p=444\",\"url\":\"https:\/\/www.heimatbund-ronnenberg.de\/?p=444\",\"name\":\"Fr\u00fchlingswanderung in den S\u00fcntel - Heimatbund Ronnenberg\",\"isPartOf\":{\"@id\":\"https:\/\/www.heimatbund-ronnenberg.de\/#website\"},\"primaryImageOfPage\":{\"@id\":\"https:\/\/www.heimatbund-ronnenberg.de\/?p=444#primaryimage\"},\"image\":{\"@id\":\"https:\/\/www.heimatbund-ronnenberg.de\/?p=444#primaryimage\"},\"thumbnailUrl\":\"https:\/\/www.heimatbund-ronnenberg.de\/wp-content\/uploads\/2018\/04\/IMG_0599.jpg\",\"datePublished\":\"2018-04-01T15:22:08+00:00\",\"dateModified\":\"2019-10-10T11:37:26+00:00\",\"breadcrumb\":{\"@id\":\"https:\/\/www.heimatbund-ronnenberg.de\/?p=444#breadcrumb\"},\"inLanguage\":\"de\",\"potentialAction\":[{\"@type\":\"ReadAction\",\"target\":[\"https:\/\/www.heimatbund-ronnenberg.de\/?p=444\"]}]},{\"@type\":\"ImageObject\",\"inLanguage\":\"de\",\"@id\":\"https:\/\/www.heimatbund-ronnenberg.de\/?p=444#primaryimage\",\"url\":\"https:\/\/www.heimatbund-ronnenberg.de\/wp-content\/uploads\/2018\/04\/IMG_0599.jpg\",\"contentUrl\":\"https:\/\/www.heimatbund-ronnenberg.de\/wp-content\/uploads\/2018\/04\/IMG_0599.jpg\",\"width\":3456,\"height\":2592},{\"@type\":\"BreadcrumbList\",\"@id\":\"https:\/\/www.heimatbund-ronnenberg.de\/?p=444#breadcrumb\",\"itemListElement\":[{\"@type\":\"ListItem\",\"position\":1,\"name\":\"Startseite\",\"item\":\"https:\/\/www.heimatbund-ronnenberg.de\/\"},{\"@type\":\"ListItem\",\"position\":2,\"name\":\"Fr\u00fchlingswanderung in den S\u00fcntel\"}]},{\"@type\":\"WebSite\",\"@id\":\"https:\/\/www.heimatbund-ronnenberg.de\/#website\",\"url\":\"https:\/\/www.heimatbund-ronnenberg.de\/\",\"name\":\"Heimatbund Ronnenberg\",\"description\":\"Im Calenberger Land\",\"publisher\":{\"@id\":\"https:\/\/www.heimatbund-ronnenberg.de\/#organization\"},\"potentialAction\":[{\"@type\":\"SearchAction\",\"target\":{\"@type\":\"EntryPoint\",\"urlTemplate\":\"https:\/\/www.heimatbund-ronnenberg.de\/?s={search_term_string}\"},\"query-input\":{\"@type\":\"PropertyValueSpecification\",\"valueRequired\":true,\"valueName\":\"search_term_string\"}}],\"inLanguage\":\"de\"},{\"@type\":\"Organization\",\"@id\":\"https:\/\/www.heimatbund-ronnenberg.de\/#organization\",\"name\":\"Heimatbund Ronnenberg\",\"url\":\"https:\/\/www.heimatbund-ronnenberg.de\/\",\"logo\":{\"@type\":\"ImageObject\",\"inLanguage\":\"de\",\"@id\":\"https:\/\/www.heimatbund-ronnenberg.de\/#\/schema\/logo\/image\/\",\"url\":\"https:\/\/www.heimatbund-ronnenberg.de\/wp-content\/uploads\/2017\/03\/Favicon-e1613163573244.gif\",\"contentUrl\":\"https:\/\/www.heimatbund-ronnenberg.de\/wp-content\/uploads\/2017\/03\/Favicon-e1613163573244.gif\",\"width\":112,\"height\":112,\"caption\":\"Heimatbund Ronnenberg\"},\"image\":{\"@id\":\"https:\/\/www.heimatbund-ronnenberg.de\/#\/schema\/logo\/image\/\"}},{\"@type\":\"Person\",\"@id\":\"https:\/\/www.heimatbund-ronnenberg.de\/#\/schema\/person\/8c79c189b7371461cf10cf57fb92055c\",\"name\":\"Gerrit-Detlef K\u00fchne\",\"image\":{\"@type\":\"ImageObject\",\"inLanguage\":\"de\",\"@id\":\"https:\/\/secure.gravatar.com\/avatar\/93bee99834c468cbd991b9e40f8a1d9b3916334e5bc4d71060575f923d6b19b3?s=96&d=mm&r=g\",\"url\":\"https:\/\/secure.gravatar.com\/avatar\/93bee99834c468cbd991b9e40f8a1d9b3916334e5bc4d71060575f923d6b19b3?s=96&d=mm&r=g\",\"contentUrl\":\"https:\/\/secure.gravatar.com\/avatar\/93bee99834c468cbd991b9e40f8a1d9b3916334e5bc4d71060575f923d6b19b3?s=96&d=mm&r=g\",\"caption\":\"Gerrit-Detlef K\u00fchne\"},\"url\":\"https:\/\/www.heimatbund-ronnenberg.de\/?author=6\"}]}<\/script>\n<!-- \/ Yoast SEO plugin. -->","yoast_head_json":{"title":"Fr\u00fchlingswanderung in den S\u00fcntel - Heimatbund Ronnenberg","robots":{"index":"index","follow":"follow","max-snippet":"max-snippet:-1","max-image-preview":"max-image-preview:large","max-video-preview":"max-video-preview:-1"},"canonical":"https:\/\/www.heimatbund-ronnenberg.de\/?p=444","og_locale":"de_DE","og_type":"article","og_title":"Fr\u00fchlingswanderung in den S\u00fcntel - Heimatbund Ronnenberg","og_description":"Die Wandergruppe des Heimatbundes hatte sich vorgenommen, den Karfreitag f\u00fcr eine Fr\u00fchlingswanderung in den S\u00fcntel zu nutzen. Das Wetter sorgte f\u00fcr Sonnenschein und trockene Wege, die noch im winterlichen Kleid befindliche Natur, mit seinen unbelaubten, noch kahlen B\u00e4umen, erweckte in uns Wanderern eine vor\u00f6sterliche und fr\u00fchlingserwartende Stimmung. Dieser ca. 440m hohe Gebirgskamm, mit seinem Doppelgipfel \u203aHohen Egge\u2039 gibt dem Landschaftraum","og_url":"https:\/\/www.heimatbund-ronnenberg.de\/?p=444","og_site_name":"Heimatbund Ronnenberg","article_published_time":"2018-04-01T15:22:08+00:00","article_modified_time":"2019-10-10T11:37:26+00:00","og_image":[{"width":3456,"height":2592,"url":"https:\/\/www.heimatbund-ronnenberg.de\/wp-content\/uploads\/2018\/04\/IMG_0599.jpg","type":"image\/jpeg"}],"author":"Gerrit-Detlef K\u00fchne","twitter_card":"summary_large_image","twitter_misc":{"Verfasst von":"Gerrit-Detlef K\u00fchne","Gesch\u00e4tzte Lesezeit":"1\u00a0Minute"},"schema":{"@context":"https:\/\/schema.org","@graph":[{"@type":"Article","@id":"https:\/\/www.heimatbund-ronnenberg.de\/?p=444#article","isPartOf":{"@id":"https:\/\/www.heimatbund-ronnenberg.de\/?p=444"},"author":{"name":"Gerrit-Detlef K\u00fchne","@id":"https:\/\/www.heimatbund-ronnenberg.de\/#\/schema\/person\/8c79c189b7371461cf10cf57fb92055c"},"headline":"Fr\u00fchlingswanderung in den S\u00fcntel","datePublished":"2018-04-01T15:22:08+00:00","dateModified":"2019-10-10T11:37:26+00:00","mainEntityOfPage":{"@id":"https:\/\/www.heimatbund-ronnenberg.de\/?p=444"},"wordCount":222,"publisher":{"@id":"https:\/\/www.heimatbund-ronnenberg.de\/#organization"},"image":{"@id":"https:\/\/www.heimatbund-ronnenberg.de\/?p=444#primaryimage"},"thumbnailUrl":"https:\/\/www.heimatbund-ronnenberg.de\/wp-content\/uploads\/2018\/04\/IMG_0599.jpg","inLanguage":"de"},{"@type":"WebPage","@id":"https:\/\/www.heimatbund-ronnenberg.de\/?p=444","url":"https:\/\/www.heimatbund-ronnenberg.de\/?p=444","name":"Fr\u00fchlingswanderung in den S\u00fcntel - Heimatbund Ronnenberg","isPartOf":{"@id":"https:\/\/www.heimatbund-ronnenberg.de\/#website"},"primaryImageOfPage":{"@id":"https:\/\/www.heimatbund-ronnenberg.de\/?p=444#primaryimage"},"image":{"@id":"https:\/\/www.heimatbund-ronnenberg.de\/?p=444#primaryimage"},"thumbnailUrl":"https:\/\/www.heimatbund-ronnenberg.de\/wp-content\/uploads\/2018\/04\/IMG_0599.jpg","datePublished":"2018-04-01T15:22:08+00:00","dateModified":"2019-10-10T11:37:26+00:00","breadcrumb":{"@id":"https:\/\/www.heimatbund-ronnenberg.de\/?p=444#breadcrumb"},"inLanguage":"de","potentialAction":[{"@type":"ReadAction","target":["https:\/\/www.heimatbund-ronnenberg.de\/?p=444"]}]},{"@type":"ImageObject","inLanguage":"de","@id":"https:\/\/www.heimatbund-ronnenberg.de\/?p=444#primaryimage","url":"https:\/\/www.heimatbund-ronnenberg.de\/wp-content\/uploads\/2018\/04\/IMG_0599.jpg","contentUrl":"https:\/\/www.heimatbund-ronnenberg.de\/wp-content\/uploads\/2018\/04\/IMG_0599.jpg","width":3456,"height":2592},{"@type":"BreadcrumbList","@id":"https:\/\/www.heimatbund-ronnenberg.de\/?p=444#breadcrumb","itemListElement":[{"@type":"ListItem","position":1,"name":"Startseite","item":"https:\/\/www.heimatbund-ronnenberg.de\/"},{"@type":"ListItem","position":2,"name":"Fr\u00fchlingswanderung in den S\u00fcntel"}]},{"@type":"WebSite","@id":"https:\/\/www.heimatbund-ronnenberg.de\/#website","url":"https:\/\/www.heimatbund-ronnenberg.de\/","name":"Heimatbund Ronnenberg","description":"Im Calenberger Land","publisher":{"@id":"https:\/\/www.heimatbund-ronnenberg.de\/#organization"},"potentialAction":[{"@type":"SearchAction","target":{"@type":"EntryPoint","urlTemplate":"https:\/\/www.heimatbund-ronnenberg.de\/?s={search_term_string}"},"query-input":{"@type":"PropertyValueSpecification","valueRequired":true,"valueName":"search_term_string"}}],"inLanguage":"de"},{"@type":"Organization","@id":"https:\/\/www.heimatbund-ronnenberg.de\/#organization","name":"Heimatbund Ronnenberg","url":"https:\/\/www.heimatbund-ronnenberg.de\/","logo":{"@type":"ImageObject","inLanguage":"de","@id":"https:\/\/www.heimatbund-ronnenberg.de\/#\/schema\/logo\/image\/","url":"https:\/\/www.heimatbund-ronnenberg.de\/wp-content\/uploads\/2017\/03\/Favicon-e1613163573244.gif","contentUrl":"https:\/\/www.heimatbund-ronnenberg.de\/wp-content\/uploads\/2017\/03\/Favicon-e1613163573244.gif","width":112,"height":112,"caption":"Heimatbund Ronnenberg"},"image":{"@id":"https:\/\/www.heimatbund-ronnenberg.de\/#\/schema\/logo\/image\/"}},{"@type":"Person","@id":"https:\/\/www.heimatbund-ronnenberg.de\/#\/schema\/person\/8c79c189b7371461cf10cf57fb92055c","name":"Gerrit-Detlef K\u00fchne","image":{"@type":"ImageObject","inLanguage":"de","@id":"https:\/\/secure.gravatar.com\/avatar\/93bee99834c468cbd991b9e40f8a1d9b3916334e5bc4d71060575f923d6b19b3?s=96&d=mm&r=g","url":"https:\/\/secure.gravatar.com\/avatar\/93bee99834c468cbd991b9e40f8a1d9b3916334e5bc4d71060575f923d6b19b3?s=96&d=mm&r=g","contentUrl":"https:\/\/secure.gravatar.com\/avatar\/93bee99834c468cbd991b9e40f8a1d9b3916334e5bc4d71060575f923d6b19b3?s=96&d=mm&r=g","caption":"Gerrit-Detlef K\u00fchne"},"url":"https:\/\/www.heimatbund-ronnenberg.de\/?author=6"}]}},"_links":{"self":[{"href":"https:\/\/www.heimatbund-ronnenberg.de\/index.php?rest_route=\/wp\/v2\/posts\/444","targetHints":{"allow":["GET"]}}],"collection":[{"href":"https:\/\/www.heimatbund-ronnenberg.de\/index.php?rest_route=\/wp\/v2\/posts"}],"about":[{"href":"https:\/\/www.heimatbund-ronnenberg.de\/index.php?rest_route=\/wp\/v2\/types\/post"}],"author":[{"embeddable":true,"href":"https:\/\/www.heimatbund-ronnenberg.de\/index.php?rest_route=\/wp\/v2\/users\/6"}],"replies":[{"embeddable":true,"href":"https:\/\/www.heimatbund-ronnenberg.de\/index.php?rest_route=%2Fwp%2Fv2%2Fcomments&post=444"}],"version-history":[{"count":0,"href":"https:\/\/www.heimatbund-ronnenberg.de\/index.php?rest_route=\/wp\/v2\/posts\/444\/revisions"}],"wp:featuredmedia":[{"embeddable":true,"href":"https:\/\/www.heimatbund-ronnenberg.de\/index.php?rest_route=\/wp\/v2\/media\/446"}],"wp:attachment":[{"href":"https:\/\/www.heimatbund-ronnenberg.de\/index.php?rest_route=%2Fwp%2Fv2%2Fmedia&parent=444"}],"wp:term":[{"taxonomy":"category","embeddable":true,"href":"https:\/\/www.heimatbund-ronnenberg.de\/index.php?rest_route=%2Fwp%2Fv2%2Fcategories&post=444"},{"taxonomy":"post_tag","embeddable":true,"href":"https:\/\/www.heimatbund-ronnenberg.de\/index.php?rest_route=%2Fwp%2Fv2%2Ftags&post=444"}],"curies":[{"name":"wp","href":"https:\/\/api.w.org\/{rel}","templated":true}]}}