{"id":839,"date":"2021-10-04T16:21:50","date_gmt":"2021-10-04T14:21:50","guid":{"rendered":"https:\/\/www.heimatbund-ronnenberg.de\/?p=839"},"modified":"2023-01-10T18:25:43","modified_gmt":"2023-01-10T17:25:43","slug":"auf-dem-kammweg-durch-den-kuelfs","status":"publish","type":"post","link":"https:\/\/www.heimatbund-ronnenberg.de\/?p=839","title":{"rendered":"Auf dem Kammweg durch den K\u00fclfs"},"content":{"rendered":"\n<p>Das Wandergebiet des Leineberglandes war dieses Mal Ziel unserer Oktoberwanderung. Der schmale Weg inmitten der von Buchen ges\u00e4umte Bergr\u00fccken des K\u00fclfs, hatte es unserer Wandergruppe angetan. Das Wetter war zum Wandern geradezu ideal, nicht zu warm und von herbstlicher Sonne begleitet.<\/p>\n\n\n\n<p>Im 19. Jahrhundert waren die H\u00fcgel des K\u00fclfs durch Kahlschlag kaum bewaldet. Es bot sich an, am Rand einer der H\u00fcgel einen Aussichtsturm zu errichten, um weit in die lieblichen T\u00e4ler der Bergkette schauen zu k\u00f6nnen. Die Idee dazu kam vom Advokaten Friedrich Rautenberg aus Hannover. Den Namen bekam der Turm von dem Bantelner Carl C\u00f6lle, er kaufte 1878 die umliegenden L\u00e4ndereien und er\u00f6ffnete zu seinen F\u00fc\u00dfen ein Ausflugslokal. Mehrmals wurde der Turm renoviert, zuletzt 1995 von der Samtgemeinde Gronau, der Gemeinde Eime und der Gemeinde Banteln. Auch unsere Wander-gruppe lie\u00df es sich nicht nehmen, den Turm zu besteigen und die wundersch\u00f6ne Aussicht zu genie\u00dfen. &nbsp;<\/p>\n\n\n\n<p>Eine Wanderpause wurde in einer der Schutzh\u00fctten eingelegt. Der mitgebrachte kleine Imbiss und ein erfrischendes Getr\u00e4nk gaben Kraft f\u00fcr den R\u00fcckweg zum Parkplatz, wo unsere Autos auf uns warteten. Zum Abschluss, aus dem Kofferraum serviert, hatte unsere Wander-f\u00fchrerin Christa f\u00fcr hei\u00dfen Kaffee aus der Thermoskanne und selbstgebackenen Platenkuchen gesorgt \u2013 welch eine \u00dcberraschung!<\/p>\n\n\n\n<p>Ein wundersch\u00f6ner unterhaltsamer Wandertag hatte sein Ende gefunden.&nbsp;<\/p>\n","protected":false},"excerpt":{"rendered":"<p>Das Wandergebiet des Leineberglandes war dieses Mal Ziel unserer Oktoberwanderung. Der schmale Weg inmitten der von Buchen ges\u00e4umte Bergr\u00fccken des K\u00fclfs, hatte es unserer Wandergruppe angetan. Das Wetter war zum Wandern geradezu ideal, nicht zu warm und von herbstlicher Sonne begleitet. Im 19. Jahrhundert waren die H\u00fcgel des K\u00fclfs durch Kahlschlag kaum bewaldet. Es bot sich an, am Rand einer<\/p>\n","protected":false},"author":6,"featured_media":840,"comment_status":"closed","ping_status":"open","sticky":false,"template":"","format":"standard","meta":{"footnotes":""},"categories":[1],"tags":[],"class_list":["post-839","post","type-post","status-publish","format-standard","has-post-thumbnail","hentry","category-allgemein"],"yoast_head":"<!-- This site is optimized with the Yoast SEO plugin v27.2 - https:\/\/yoast.com\/product\/yoast-seo-wordpress\/ -->\n<title>Auf dem Kammweg durch den K\u00fclfs - Heimatbund Ronnenberg<\/title>\n<meta name=\"robots\" content=\"index, follow, max-snippet:-1, max-image-preview:large, max-video-preview:-1\" \/>\n<link rel=\"canonical\" href=\"https:\/\/www.heimatbund-ronnenberg.de\/?p=839\" \/>\n<meta property=\"og:locale\" content=\"de_DE\" \/>\n<meta property=\"og:type\" content=\"article\" \/>\n<meta property=\"og:title\" content=\"Auf dem Kammweg durch den K\u00fclfs - Heimatbund Ronnenberg\" \/>\n<meta property=\"og:description\" content=\"Das Wandergebiet des Leineberglandes war dieses Mal Ziel unserer Oktoberwanderung. Der schmale Weg inmitten der von Buchen ges\u00e4umte Bergr\u00fccken des K\u00fclfs, hatte es unserer Wandergruppe angetan. Das Wetter war zum Wandern geradezu ideal, nicht zu warm und von herbstlicher Sonne begleitet. Im 19. Jahrhundert waren die H\u00fcgel des K\u00fclfs durch Kahlschlag kaum bewaldet. Es bot sich an, am Rand einer\" \/>\n<meta property=\"og:url\" content=\"https:\/\/www.heimatbund-ronnenberg.de\/?p=839\" \/>\n<meta property=\"og:site_name\" content=\"Heimatbund Ronnenberg\" \/>\n<meta property=\"article:published_time\" content=\"2021-10-04T14:21:50+00:00\" \/>\n<meta property=\"article:modified_time\" content=\"2023-01-10T17:25:43+00:00\" \/>\n<meta property=\"og:image\" content=\"https:\/\/www.heimatbund-ronnenberg.de\/wp-content\/uploads\/2021\/10\/IMG_0778-1-scaled.jpg\" \/>\n\t<meta property=\"og:image:width\" content=\"2560\" \/>\n\t<meta property=\"og:image:height\" content=\"1920\" \/>\n\t<meta property=\"og:image:type\" content=\"image\/jpeg\" \/>\n<meta name=\"author\" content=\"Gerrit-Detlef K\u00fchne\" \/>\n<meta name=\"twitter:card\" content=\"summary_large_image\" \/>\n<meta name=\"twitter:label1\" content=\"Verfasst von\" \/>\n\t<meta name=\"twitter:data1\" content=\"Gerrit-Detlef K\u00fchne\" \/>\n\t<meta name=\"twitter:label2\" content=\"Gesch\u00e4tzte Lesezeit\" \/>\n\t<meta name=\"twitter:data2\" content=\"1\u00a0Minute\" \/>\n<script type=\"application\/ld+json\" class=\"yoast-schema-graph\">{\"@context\":\"https:\/\/schema.org\",\"@graph\":[{\"@type\":\"Article\",\"@id\":\"https:\/\/www.heimatbund-ronnenberg.de\/?p=839#article\",\"isPartOf\":{\"@id\":\"https:\/\/www.heimatbund-ronnenberg.de\/?p=839\"},\"author\":{\"name\":\"Gerrit-Detlef K\u00fchne\",\"@id\":\"https:\/\/www.heimatbund-ronnenberg.de\/#\/schema\/person\/8c79c189b7371461cf10cf57fb92055c\"},\"headline\":\"Auf dem Kammweg durch den K\u00fclfs\",\"datePublished\":\"2021-10-04T14:21:50+00:00\",\"dateModified\":\"2023-01-10T17:25:43+00:00\",\"mainEntityOfPage\":{\"@id\":\"https:\/\/www.heimatbund-ronnenberg.de\/?p=839\"},\"wordCount\":234,\"publisher\":{\"@id\":\"https:\/\/www.heimatbund-ronnenberg.de\/#organization\"},\"image\":{\"@id\":\"https:\/\/www.heimatbund-ronnenberg.de\/?p=839#primaryimage\"},\"thumbnailUrl\":\"https:\/\/www.heimatbund-ronnenberg.de\/wp-content\/uploads\/2021\/10\/IMG_0778-1-scaled.jpg\",\"inLanguage\":\"de\"},{\"@type\":\"WebPage\",\"@id\":\"https:\/\/www.heimatbund-ronnenberg.de\/?p=839\",\"url\":\"https:\/\/www.heimatbund-ronnenberg.de\/?p=839\",\"name\":\"Auf dem Kammweg durch den K\u00fclfs - Heimatbund Ronnenberg\",\"isPartOf\":{\"@id\":\"https:\/\/www.heimatbund-ronnenberg.de\/#website\"},\"primaryImageOfPage\":{\"@id\":\"https:\/\/www.heimatbund-ronnenberg.de\/?p=839#primaryimage\"},\"image\":{\"@id\":\"https:\/\/www.heimatbund-ronnenberg.de\/?p=839#primaryimage\"},\"thumbnailUrl\":\"https:\/\/www.heimatbund-ronnenberg.de\/wp-content\/uploads\/2021\/10\/IMG_0778-1-scaled.jpg\",\"datePublished\":\"2021-10-04T14:21:50+00:00\",\"dateModified\":\"2023-01-10T17:25:43+00:00\",\"breadcrumb\":{\"@id\":\"https:\/\/www.heimatbund-ronnenberg.de\/?p=839#breadcrumb\"},\"inLanguage\":\"de\",\"potentialAction\":[{\"@type\":\"ReadAction\",\"target\":[\"https:\/\/www.heimatbund-ronnenberg.de\/?p=839\"]}]},{\"@type\":\"ImageObject\",\"inLanguage\":\"de\",\"@id\":\"https:\/\/www.heimatbund-ronnenberg.de\/?p=839#primaryimage\",\"url\":\"https:\/\/www.heimatbund-ronnenberg.de\/wp-content\/uploads\/2021\/10\/IMG_0778-1-scaled.jpg\",\"contentUrl\":\"https:\/\/www.heimatbund-ronnenberg.de\/wp-content\/uploads\/2021\/10\/IMG_0778-1-scaled.jpg\",\"width\":2560,\"height\":1920},{\"@type\":\"BreadcrumbList\",\"@id\":\"https:\/\/www.heimatbund-ronnenberg.de\/?p=839#breadcrumb\",\"itemListElement\":[{\"@type\":\"ListItem\",\"position\":1,\"name\":\"Startseite\",\"item\":\"https:\/\/www.heimatbund-ronnenberg.de\/\"},{\"@type\":\"ListItem\",\"position\":2,\"name\":\"Auf dem Kammweg durch den K\u00fclfs\"}]},{\"@type\":\"WebSite\",\"@id\":\"https:\/\/www.heimatbund-ronnenberg.de\/#website\",\"url\":\"https:\/\/www.heimatbund-ronnenberg.de\/\",\"name\":\"Heimatbund Ronnenberg\",\"description\":\"Im Calenberger Land\",\"publisher\":{\"@id\":\"https:\/\/www.heimatbund-ronnenberg.de\/#organization\"},\"potentialAction\":[{\"@type\":\"SearchAction\",\"target\":{\"@type\":\"EntryPoint\",\"urlTemplate\":\"https:\/\/www.heimatbund-ronnenberg.de\/?s={search_term_string}\"},\"query-input\":{\"@type\":\"PropertyValueSpecification\",\"valueRequired\":true,\"valueName\":\"search_term_string\"}}],\"inLanguage\":\"de\"},{\"@type\":\"Organization\",\"@id\":\"https:\/\/www.heimatbund-ronnenberg.de\/#organization\",\"name\":\"Heimatbund Ronnenberg\",\"url\":\"https:\/\/www.heimatbund-ronnenberg.de\/\",\"logo\":{\"@type\":\"ImageObject\",\"inLanguage\":\"de\",\"@id\":\"https:\/\/www.heimatbund-ronnenberg.de\/#\/schema\/logo\/image\/\",\"url\":\"https:\/\/www.heimatbund-ronnenberg.de\/wp-content\/uploads\/2017\/03\/Favicon-e1613163573244.gif\",\"contentUrl\":\"https:\/\/www.heimatbund-ronnenberg.de\/wp-content\/uploads\/2017\/03\/Favicon-e1613163573244.gif\",\"width\":112,\"height\":112,\"caption\":\"Heimatbund Ronnenberg\"},\"image\":{\"@id\":\"https:\/\/www.heimatbund-ronnenberg.de\/#\/schema\/logo\/image\/\"}},{\"@type\":\"Person\",\"@id\":\"https:\/\/www.heimatbund-ronnenberg.de\/#\/schema\/person\/8c79c189b7371461cf10cf57fb92055c\",\"name\":\"Gerrit-Detlef K\u00fchne\",\"image\":{\"@type\":\"ImageObject\",\"inLanguage\":\"de\",\"@id\":\"https:\/\/secure.gravatar.com\/avatar\/93bee99834c468cbd991b9e40f8a1d9b3916334e5bc4d71060575f923d6b19b3?s=96&d=mm&r=g\",\"url\":\"https:\/\/secure.gravatar.com\/avatar\/93bee99834c468cbd991b9e40f8a1d9b3916334e5bc4d71060575f923d6b19b3?s=96&d=mm&r=g\",\"contentUrl\":\"https:\/\/secure.gravatar.com\/avatar\/93bee99834c468cbd991b9e40f8a1d9b3916334e5bc4d71060575f923d6b19b3?s=96&d=mm&r=g\",\"caption\":\"Gerrit-Detlef K\u00fchne\"},\"url\":\"https:\/\/www.heimatbund-ronnenberg.de\/?author=6\"}]}<\/script>\n<!-- \/ Yoast SEO plugin. -->","yoast_head_json":{"title":"Auf dem Kammweg durch den K\u00fclfs - Heimatbund Ronnenberg","robots":{"index":"index","follow":"follow","max-snippet":"max-snippet:-1","max-image-preview":"max-image-preview:large","max-video-preview":"max-video-preview:-1"},"canonical":"https:\/\/www.heimatbund-ronnenberg.de\/?p=839","og_locale":"de_DE","og_type":"article","og_title":"Auf dem Kammweg durch den K\u00fclfs - Heimatbund Ronnenberg","og_description":"Das Wandergebiet des Leineberglandes war dieses Mal Ziel unserer Oktoberwanderung. Der schmale Weg inmitten der von Buchen ges\u00e4umte Bergr\u00fccken des K\u00fclfs, hatte es unserer Wandergruppe angetan. Das Wetter war zum Wandern geradezu ideal, nicht zu warm und von herbstlicher Sonne begleitet. Im 19. Jahrhundert waren die H\u00fcgel des K\u00fclfs durch Kahlschlag kaum bewaldet. Es bot sich an, am Rand einer","og_url":"https:\/\/www.heimatbund-ronnenberg.de\/?p=839","og_site_name":"Heimatbund Ronnenberg","article_published_time":"2021-10-04T14:21:50+00:00","article_modified_time":"2023-01-10T17:25:43+00:00","og_image":[{"width":2560,"height":1920,"url":"https:\/\/www.heimatbund-ronnenberg.de\/wp-content\/uploads\/2021\/10\/IMG_0778-1-scaled.jpg","type":"image\/jpeg"}],"author":"Gerrit-Detlef K\u00fchne","twitter_card":"summary_large_image","twitter_misc":{"Verfasst von":"Gerrit-Detlef K\u00fchne","Gesch\u00e4tzte Lesezeit":"1\u00a0Minute"},"schema":{"@context":"https:\/\/schema.org","@graph":[{"@type":"Article","@id":"https:\/\/www.heimatbund-ronnenberg.de\/?p=839#article","isPartOf":{"@id":"https:\/\/www.heimatbund-ronnenberg.de\/?p=839"},"author":{"name":"Gerrit-Detlef K\u00fchne","@id":"https:\/\/www.heimatbund-ronnenberg.de\/#\/schema\/person\/8c79c189b7371461cf10cf57fb92055c"},"headline":"Auf dem Kammweg durch den K\u00fclfs","datePublished":"2021-10-04T14:21:50+00:00","dateModified":"2023-01-10T17:25:43+00:00","mainEntityOfPage":{"@id":"https:\/\/www.heimatbund-ronnenberg.de\/?p=839"},"wordCount":234,"publisher":{"@id":"https:\/\/www.heimatbund-ronnenberg.de\/#organization"},"image":{"@id":"https:\/\/www.heimatbund-ronnenberg.de\/?p=839#primaryimage"},"thumbnailUrl":"https:\/\/www.heimatbund-ronnenberg.de\/wp-content\/uploads\/2021\/10\/IMG_0778-1-scaled.jpg","inLanguage":"de"},{"@type":"WebPage","@id":"https:\/\/www.heimatbund-ronnenberg.de\/?p=839","url":"https:\/\/www.heimatbund-ronnenberg.de\/?p=839","name":"Auf dem Kammweg durch den K\u00fclfs - Heimatbund Ronnenberg","isPartOf":{"@id":"https:\/\/www.heimatbund-ronnenberg.de\/#website"},"primaryImageOfPage":{"@id":"https:\/\/www.heimatbund-ronnenberg.de\/?p=839#primaryimage"},"image":{"@id":"https:\/\/www.heimatbund-ronnenberg.de\/?p=839#primaryimage"},"thumbnailUrl":"https:\/\/www.heimatbund-ronnenberg.de\/wp-content\/uploads\/2021\/10\/IMG_0778-1-scaled.jpg","datePublished":"2021-10-04T14:21:50+00:00","dateModified":"2023-01-10T17:25:43+00:00","breadcrumb":{"@id":"https:\/\/www.heimatbund-ronnenberg.de\/?p=839#breadcrumb"},"inLanguage":"de","potentialAction":[{"@type":"ReadAction","target":["https:\/\/www.heimatbund-ronnenberg.de\/?p=839"]}]},{"@type":"ImageObject","inLanguage":"de","@id":"https:\/\/www.heimatbund-ronnenberg.de\/?p=839#primaryimage","url":"https:\/\/www.heimatbund-ronnenberg.de\/wp-content\/uploads\/2021\/10\/IMG_0778-1-scaled.jpg","contentUrl":"https:\/\/www.heimatbund-ronnenberg.de\/wp-content\/uploads\/2021\/10\/IMG_0778-1-scaled.jpg","width":2560,"height":1920},{"@type":"BreadcrumbList","@id":"https:\/\/www.heimatbund-ronnenberg.de\/?p=839#breadcrumb","itemListElement":[{"@type":"ListItem","position":1,"name":"Startseite","item":"https:\/\/www.heimatbund-ronnenberg.de\/"},{"@type":"ListItem","position":2,"name":"Auf dem Kammweg durch den K\u00fclfs"}]},{"@type":"WebSite","@id":"https:\/\/www.heimatbund-ronnenberg.de\/#website","url":"https:\/\/www.heimatbund-ronnenberg.de\/","name":"Heimatbund Ronnenberg","description":"Im Calenberger Land","publisher":{"@id":"https:\/\/www.heimatbund-ronnenberg.de\/#organization"},"potentialAction":[{"@type":"SearchAction","target":{"@type":"EntryPoint","urlTemplate":"https:\/\/www.heimatbund-ronnenberg.de\/?s={search_term_string}"},"query-input":{"@type":"PropertyValueSpecification","valueRequired":true,"valueName":"search_term_string"}}],"inLanguage":"de"},{"@type":"Organization","@id":"https:\/\/www.heimatbund-ronnenberg.de\/#organization","name":"Heimatbund Ronnenberg","url":"https:\/\/www.heimatbund-ronnenberg.de\/","logo":{"@type":"ImageObject","inLanguage":"de","@id":"https:\/\/www.heimatbund-ronnenberg.de\/#\/schema\/logo\/image\/","url":"https:\/\/www.heimatbund-ronnenberg.de\/wp-content\/uploads\/2017\/03\/Favicon-e1613163573244.gif","contentUrl":"https:\/\/www.heimatbund-ronnenberg.de\/wp-content\/uploads\/2017\/03\/Favicon-e1613163573244.gif","width":112,"height":112,"caption":"Heimatbund Ronnenberg"},"image":{"@id":"https:\/\/www.heimatbund-ronnenberg.de\/#\/schema\/logo\/image\/"}},{"@type":"Person","@id":"https:\/\/www.heimatbund-ronnenberg.de\/#\/schema\/person\/8c79c189b7371461cf10cf57fb92055c","name":"Gerrit-Detlef K\u00fchne","image":{"@type":"ImageObject","inLanguage":"de","@id":"https:\/\/secure.gravatar.com\/avatar\/93bee99834c468cbd991b9e40f8a1d9b3916334e5bc4d71060575f923d6b19b3?s=96&d=mm&r=g","url":"https:\/\/secure.gravatar.com\/avatar\/93bee99834c468cbd991b9e40f8a1d9b3916334e5bc4d71060575f923d6b19b3?s=96&d=mm&r=g","contentUrl":"https:\/\/secure.gravatar.com\/avatar\/93bee99834c468cbd991b9e40f8a1d9b3916334e5bc4d71060575f923d6b19b3?s=96&d=mm&r=g","caption":"Gerrit-Detlef K\u00fchne"},"url":"https:\/\/www.heimatbund-ronnenberg.de\/?author=6"}]}},"_links":{"self":[{"href":"https:\/\/www.heimatbund-ronnenberg.de\/index.php?rest_route=\/wp\/v2\/posts\/839","targetHints":{"allow":["GET"]}}],"collection":[{"href":"https:\/\/www.heimatbund-ronnenberg.de\/index.php?rest_route=\/wp\/v2\/posts"}],"about":[{"href":"https:\/\/www.heimatbund-ronnenberg.de\/index.php?rest_route=\/wp\/v2\/types\/post"}],"author":[{"embeddable":true,"href":"https:\/\/www.heimatbund-ronnenberg.de\/index.php?rest_route=\/wp\/v2\/users\/6"}],"replies":[{"embeddable":true,"href":"https:\/\/www.heimatbund-ronnenberg.de\/index.php?rest_route=%2Fwp%2Fv2%2Fcomments&post=839"}],"version-history":[{"count":0,"href":"https:\/\/www.heimatbund-ronnenberg.de\/index.php?rest_route=\/wp\/v2\/posts\/839\/revisions"}],"wp:featuredmedia":[{"embeddable":true,"href":"https:\/\/www.heimatbund-ronnenberg.de\/index.php?rest_route=\/wp\/v2\/media\/840"}],"wp:attachment":[{"href":"https:\/\/www.heimatbund-ronnenberg.de\/index.php?rest_route=%2Fwp%2Fv2%2Fmedia&parent=839"}],"wp:term":[{"taxonomy":"category","embeddable":true,"href":"https:\/\/www.heimatbund-ronnenberg.de\/index.php?rest_route=%2Fwp%2Fv2%2Fcategories&post=839"},{"taxonomy":"post_tag","embeddable":true,"href":"https:\/\/www.heimatbund-ronnenberg.de\/index.php?rest_route=%2Fwp%2Fv2%2Ftags&post=839"}],"curies":[{"name":"wp","href":"https:\/\/api.w.org\/{rel}","templated":true}]}}