{"id":893,"date":"2022-05-01T09:30:52","date_gmt":"2022-05-01T07:30:52","guid":{"rendered":"https:\/\/www.heimatbund-ronnenberg.de\/?p=893"},"modified":"2023-05-22T21:18:18","modified_gmt":"2023-05-22T19:18:18","slug":"deisterwanderung-zum-taternpfahl","status":"publish","type":"post","link":"https:\/\/www.heimatbund-ronnenberg.de\/?p=893","title":{"rendered":"Deisterwanderung zum Taternpfahl"},"content":{"rendered":"\n<p>Bei strahlendem Sonnenschein, inmitten einer fr\u00fchlingshaften Natur, unternahm die Wandergruppe eine Deister-wanderung zum oberhalb von Springe gelegenen Taternpfahl. Hier verlief einst die Grenze zwischen dem fr\u00fcheren Amt Wennigsen und der Stadt Springe. Nach der \u00dcberlieferung wurde hier 1635 durch Erlass von Herzog Georg-Wilhelm von Celle-L\u00fcneburg ein Grenzpfahl errichtet. Durchziehende Nichtsesshafte \u2013 Tatern &#8211; oder wie wir heute sagen, Sinti und Roma \u2013 im Volksmund Zigeuner genannt \u2013 mussten hier ihre Wanderung unterbrechen, um vom Magistrat von Springe eine Zutrittsgenehmigung zu erhalten. Wenn eine Genehmigung erteilt wurde, holte ein J\u00e4ger sie dort ab, und brachte sie nach Springe. Auf dem \u201eTivoli\u201c durften sie kampieren und ihren Gesch\u00e4ften nachgehen. Meistens lebten sie von der Kessel-flickerei oder der Wahrsagerei. Der Aufenthalt in der Stadt war auf drei Tage begrenzt, dann wurden sie durch den Stadtb\u00fcttel bei Heiligenfeld weiter Richtung Hameln geschickt. F\u00fcr die Menschen dieser Volksst\u00e4mme keine einfache Lebensweise in der damaligen Zeit.<\/p>\n\n\n\n<p>Als die Wandergruppe ihr Ziel erreicht hatte, wurde eine Pause eingelegt, um sich mit kalten und warmen Getr\u00e4nken zu st\u00e4rken und sich an dem frischen Gr\u00fcn der Natur zu erfreuen. Der Deisterb\u00e4rlauch, so war zu erkennen, stand kurz vor der Bl\u00fcte. Wer diese Waldpflanze liebt und sie in seinen Fr\u00fchlings-Speiseplan aufnehmen m\u00f6chte, sollte die Bl\u00e4tter vor der Bl\u00fcte ernten und zu einem Pesto verarbeiten. Viele einschl\u00e4gige Kochb\u00fccher geben hier Auskunft wie man diese Waldpflanze in seinen Speiseplan integrieren kann. Als unsere Gruppe Springe wieder erreicht hatte, wollten sich alle vor ihrer Heimfahrt noch einmal st\u00e4rken und \u00fcber das Erlebte des heutigen Tages reden. Unsere Wanderf\u00fchrerin Christa hatte vorgesorgt, und uns Pl\u00e4tze in einem griechischen Restaurant reserviert. Und so endete dieser Wandertag mit einem Geschmackserlebnis aus griechischer K\u00fcche.&nbsp;<\/p>\n\n\n\n<p><em>GDK<\/em><\/p>\n","protected":false},"excerpt":{"rendered":"<p>Bei strahlendem Sonnenschein, inmitten einer fr\u00fchlingshaften Natur, unternahm die Wandergruppe eine Deister-wanderung zum oberhalb von Springe gelegenen Taternpfahl. Hier verlief einst die Grenze zwischen dem fr\u00fcheren Amt Wennigsen und der Stadt Springe. Nach der \u00dcberlieferung wurde hier 1635 durch Erlass von Herzog Georg-Wilhelm von Celle-L\u00fcneburg ein Grenzpfahl errichtet. Durchziehende Nichtsesshafte \u2013 Tatern &#8211; oder wie wir heute sagen, Sinti und<\/p>\n","protected":false},"author":6,"featured_media":895,"comment_status":"closed","ping_status":"open","sticky":false,"template":"","format":"standard","meta":{"footnotes":""},"categories":[1],"tags":[],"class_list":["post-893","post","type-post","status-publish","format-standard","has-post-thumbnail","hentry","category-allgemein"],"yoast_head":"<!-- This site is optimized with the Yoast SEO plugin v27.2 - https:\/\/yoast.com\/product\/yoast-seo-wordpress\/ -->\n<title>Deisterwanderung zum Taternpfahl - Heimatbund Ronnenberg<\/title>\n<meta name=\"robots\" content=\"index, follow, max-snippet:-1, max-image-preview:large, max-video-preview:-1\" \/>\n<link rel=\"canonical\" href=\"https:\/\/www.heimatbund-ronnenberg.de\/?p=893\" \/>\n<meta property=\"og:locale\" content=\"de_DE\" \/>\n<meta property=\"og:type\" content=\"article\" \/>\n<meta property=\"og:title\" content=\"Deisterwanderung zum Taternpfahl - Heimatbund Ronnenberg\" \/>\n<meta property=\"og:description\" content=\"Bei strahlendem Sonnenschein, inmitten einer fr\u00fchlingshaften Natur, unternahm die Wandergruppe eine Deister-wanderung zum oberhalb von Springe gelegenen Taternpfahl. Hier verlief einst die Grenze zwischen dem fr\u00fcheren Amt Wennigsen und der Stadt Springe. Nach der \u00dcberlieferung wurde hier 1635 durch Erlass von Herzog Georg-Wilhelm von Celle-L\u00fcneburg ein Grenzpfahl errichtet. Durchziehende Nichtsesshafte \u2013 Tatern &#8211; oder wie wir heute sagen, Sinti und\" \/>\n<meta property=\"og:url\" content=\"https:\/\/www.heimatbund-ronnenberg.de\/?p=893\" \/>\n<meta property=\"og:site_name\" content=\"Heimatbund Ronnenberg\" \/>\n<meta property=\"article:published_time\" content=\"2022-05-01T07:30:52+00:00\" \/>\n<meta property=\"article:modified_time\" content=\"2023-05-22T19:18:18+00:00\" \/>\n<meta property=\"og:image\" content=\"https:\/\/www.heimatbund-ronnenberg.de\/wp-content\/uploads\/2022\/05\/IMG_0817-scaled.jpg\" \/>\n\t<meta property=\"og:image:width\" content=\"2560\" \/>\n\t<meta property=\"og:image:height\" content=\"1920\" \/>\n\t<meta property=\"og:image:type\" content=\"image\/jpeg\" \/>\n<meta name=\"author\" content=\"Gerrit-Detlef K\u00fchne\" \/>\n<meta name=\"twitter:card\" content=\"summary_large_image\" \/>\n<meta name=\"twitter:label1\" content=\"Verfasst von\" \/>\n\t<meta name=\"twitter:data1\" content=\"Gerrit-Detlef K\u00fchne\" \/>\n\t<meta name=\"twitter:label2\" content=\"Gesch\u00e4tzte Lesezeit\" \/>\n\t<meta name=\"twitter:data2\" content=\"1\u00a0Minute\" \/>\n<script type=\"application\/ld+json\" class=\"yoast-schema-graph\">{\"@context\":\"https:\/\/schema.org\",\"@graph\":[{\"@type\":\"Article\",\"@id\":\"https:\/\/www.heimatbund-ronnenberg.de\/?p=893#article\",\"isPartOf\":{\"@id\":\"https:\/\/www.heimatbund-ronnenberg.de\/?p=893\"},\"author\":{\"name\":\"Gerrit-Detlef K\u00fchne\",\"@id\":\"https:\/\/www.heimatbund-ronnenberg.de\/#\/schema\/person\/8c79c189b7371461cf10cf57fb92055c\"},\"headline\":\"Deisterwanderung zum Taternpfahl\",\"datePublished\":\"2022-05-01T07:30:52+00:00\",\"dateModified\":\"2023-05-22T19:18:18+00:00\",\"mainEntityOfPage\":{\"@id\":\"https:\/\/www.heimatbund-ronnenberg.de\/?p=893\"},\"wordCount\":301,\"publisher\":{\"@id\":\"https:\/\/www.heimatbund-ronnenberg.de\/#organization\"},\"image\":{\"@id\":\"https:\/\/www.heimatbund-ronnenberg.de\/?p=893#primaryimage\"},\"thumbnailUrl\":\"https:\/\/www.heimatbund-ronnenberg.de\/wp-content\/uploads\/2022\/05\/IMG_0817-scaled.jpg\",\"inLanguage\":\"de\"},{\"@type\":\"WebPage\",\"@id\":\"https:\/\/www.heimatbund-ronnenberg.de\/?p=893\",\"url\":\"https:\/\/www.heimatbund-ronnenberg.de\/?p=893\",\"name\":\"Deisterwanderung zum Taternpfahl - Heimatbund Ronnenberg\",\"isPartOf\":{\"@id\":\"https:\/\/www.heimatbund-ronnenberg.de\/#website\"},\"primaryImageOfPage\":{\"@id\":\"https:\/\/www.heimatbund-ronnenberg.de\/?p=893#primaryimage\"},\"image\":{\"@id\":\"https:\/\/www.heimatbund-ronnenberg.de\/?p=893#primaryimage\"},\"thumbnailUrl\":\"https:\/\/www.heimatbund-ronnenberg.de\/wp-content\/uploads\/2022\/05\/IMG_0817-scaled.jpg\",\"datePublished\":\"2022-05-01T07:30:52+00:00\",\"dateModified\":\"2023-05-22T19:18:18+00:00\",\"breadcrumb\":{\"@id\":\"https:\/\/www.heimatbund-ronnenberg.de\/?p=893#breadcrumb\"},\"inLanguage\":\"de\",\"potentialAction\":[{\"@type\":\"ReadAction\",\"target\":[\"https:\/\/www.heimatbund-ronnenberg.de\/?p=893\"]}]},{\"@type\":\"ImageObject\",\"inLanguage\":\"de\",\"@id\":\"https:\/\/www.heimatbund-ronnenberg.de\/?p=893#primaryimage\",\"url\":\"https:\/\/www.heimatbund-ronnenberg.de\/wp-content\/uploads\/2022\/05\/IMG_0817-scaled.jpg\",\"contentUrl\":\"https:\/\/www.heimatbund-ronnenberg.de\/wp-content\/uploads\/2022\/05\/IMG_0817-scaled.jpg\",\"width\":2560,\"height\":1920},{\"@type\":\"BreadcrumbList\",\"@id\":\"https:\/\/www.heimatbund-ronnenberg.de\/?p=893#breadcrumb\",\"itemListElement\":[{\"@type\":\"ListItem\",\"position\":1,\"name\":\"Startseite\",\"item\":\"https:\/\/www.heimatbund-ronnenberg.de\/\"},{\"@type\":\"ListItem\",\"position\":2,\"name\":\"Deisterwanderung zum Taternpfahl\"}]},{\"@type\":\"WebSite\",\"@id\":\"https:\/\/www.heimatbund-ronnenberg.de\/#website\",\"url\":\"https:\/\/www.heimatbund-ronnenberg.de\/\",\"name\":\"Heimatbund Ronnenberg\",\"description\":\"Im Calenberger Land\",\"publisher\":{\"@id\":\"https:\/\/www.heimatbund-ronnenberg.de\/#organization\"},\"potentialAction\":[{\"@type\":\"SearchAction\",\"target\":{\"@type\":\"EntryPoint\",\"urlTemplate\":\"https:\/\/www.heimatbund-ronnenberg.de\/?s={search_term_string}\"},\"query-input\":{\"@type\":\"PropertyValueSpecification\",\"valueRequired\":true,\"valueName\":\"search_term_string\"}}],\"inLanguage\":\"de\"},{\"@type\":\"Organization\",\"@id\":\"https:\/\/www.heimatbund-ronnenberg.de\/#organization\",\"name\":\"Heimatbund Ronnenberg\",\"url\":\"https:\/\/www.heimatbund-ronnenberg.de\/\",\"logo\":{\"@type\":\"ImageObject\",\"inLanguage\":\"de\",\"@id\":\"https:\/\/www.heimatbund-ronnenberg.de\/#\/schema\/logo\/image\/\",\"url\":\"https:\/\/www.heimatbund-ronnenberg.de\/wp-content\/uploads\/2017\/03\/Favicon-e1613163573244.gif\",\"contentUrl\":\"https:\/\/www.heimatbund-ronnenberg.de\/wp-content\/uploads\/2017\/03\/Favicon-e1613163573244.gif\",\"width\":112,\"height\":112,\"caption\":\"Heimatbund Ronnenberg\"},\"image\":{\"@id\":\"https:\/\/www.heimatbund-ronnenberg.de\/#\/schema\/logo\/image\/\"}},{\"@type\":\"Person\",\"@id\":\"https:\/\/www.heimatbund-ronnenberg.de\/#\/schema\/person\/8c79c189b7371461cf10cf57fb92055c\",\"name\":\"Gerrit-Detlef K\u00fchne\",\"image\":{\"@type\":\"ImageObject\",\"inLanguage\":\"de\",\"@id\":\"https:\/\/secure.gravatar.com\/avatar\/93bee99834c468cbd991b9e40f8a1d9b3916334e5bc4d71060575f923d6b19b3?s=96&d=mm&r=g\",\"url\":\"https:\/\/secure.gravatar.com\/avatar\/93bee99834c468cbd991b9e40f8a1d9b3916334e5bc4d71060575f923d6b19b3?s=96&d=mm&r=g\",\"contentUrl\":\"https:\/\/secure.gravatar.com\/avatar\/93bee99834c468cbd991b9e40f8a1d9b3916334e5bc4d71060575f923d6b19b3?s=96&d=mm&r=g\",\"caption\":\"Gerrit-Detlef K\u00fchne\"},\"url\":\"https:\/\/www.heimatbund-ronnenberg.de\/?author=6\"}]}<\/script>\n<!-- \/ Yoast SEO plugin. -->","yoast_head_json":{"title":"Deisterwanderung zum Taternpfahl - Heimatbund Ronnenberg","robots":{"index":"index","follow":"follow","max-snippet":"max-snippet:-1","max-image-preview":"max-image-preview:large","max-video-preview":"max-video-preview:-1"},"canonical":"https:\/\/www.heimatbund-ronnenberg.de\/?p=893","og_locale":"de_DE","og_type":"article","og_title":"Deisterwanderung zum Taternpfahl - Heimatbund Ronnenberg","og_description":"Bei strahlendem Sonnenschein, inmitten einer fr\u00fchlingshaften Natur, unternahm die Wandergruppe eine Deister-wanderung zum oberhalb von Springe gelegenen Taternpfahl. Hier verlief einst die Grenze zwischen dem fr\u00fcheren Amt Wennigsen und der Stadt Springe. Nach der \u00dcberlieferung wurde hier 1635 durch Erlass von Herzog Georg-Wilhelm von Celle-L\u00fcneburg ein Grenzpfahl errichtet. Durchziehende Nichtsesshafte \u2013 Tatern &#8211; oder wie wir heute sagen, Sinti und","og_url":"https:\/\/www.heimatbund-ronnenberg.de\/?p=893","og_site_name":"Heimatbund Ronnenberg","article_published_time":"2022-05-01T07:30:52+00:00","article_modified_time":"2023-05-22T19:18:18+00:00","og_image":[{"width":2560,"height":1920,"url":"https:\/\/www.heimatbund-ronnenberg.de\/wp-content\/uploads\/2022\/05\/IMG_0817-scaled.jpg","type":"image\/jpeg"}],"author":"Gerrit-Detlef K\u00fchne","twitter_card":"summary_large_image","twitter_misc":{"Verfasst von":"Gerrit-Detlef K\u00fchne","Gesch\u00e4tzte Lesezeit":"1\u00a0Minute"},"schema":{"@context":"https:\/\/schema.org","@graph":[{"@type":"Article","@id":"https:\/\/www.heimatbund-ronnenberg.de\/?p=893#article","isPartOf":{"@id":"https:\/\/www.heimatbund-ronnenberg.de\/?p=893"},"author":{"name":"Gerrit-Detlef K\u00fchne","@id":"https:\/\/www.heimatbund-ronnenberg.de\/#\/schema\/person\/8c79c189b7371461cf10cf57fb92055c"},"headline":"Deisterwanderung zum Taternpfahl","datePublished":"2022-05-01T07:30:52+00:00","dateModified":"2023-05-22T19:18:18+00:00","mainEntityOfPage":{"@id":"https:\/\/www.heimatbund-ronnenberg.de\/?p=893"},"wordCount":301,"publisher":{"@id":"https:\/\/www.heimatbund-ronnenberg.de\/#organization"},"image":{"@id":"https:\/\/www.heimatbund-ronnenberg.de\/?p=893#primaryimage"},"thumbnailUrl":"https:\/\/www.heimatbund-ronnenberg.de\/wp-content\/uploads\/2022\/05\/IMG_0817-scaled.jpg","inLanguage":"de"},{"@type":"WebPage","@id":"https:\/\/www.heimatbund-ronnenberg.de\/?p=893","url":"https:\/\/www.heimatbund-ronnenberg.de\/?p=893","name":"Deisterwanderung zum Taternpfahl - Heimatbund Ronnenberg","isPartOf":{"@id":"https:\/\/www.heimatbund-ronnenberg.de\/#website"},"primaryImageOfPage":{"@id":"https:\/\/www.heimatbund-ronnenberg.de\/?p=893#primaryimage"},"image":{"@id":"https:\/\/www.heimatbund-ronnenberg.de\/?p=893#primaryimage"},"thumbnailUrl":"https:\/\/www.heimatbund-ronnenberg.de\/wp-content\/uploads\/2022\/05\/IMG_0817-scaled.jpg","datePublished":"2022-05-01T07:30:52+00:00","dateModified":"2023-05-22T19:18:18+00:00","breadcrumb":{"@id":"https:\/\/www.heimatbund-ronnenberg.de\/?p=893#breadcrumb"},"inLanguage":"de","potentialAction":[{"@type":"ReadAction","target":["https:\/\/www.heimatbund-ronnenberg.de\/?p=893"]}]},{"@type":"ImageObject","inLanguage":"de","@id":"https:\/\/www.heimatbund-ronnenberg.de\/?p=893#primaryimage","url":"https:\/\/www.heimatbund-ronnenberg.de\/wp-content\/uploads\/2022\/05\/IMG_0817-scaled.jpg","contentUrl":"https:\/\/www.heimatbund-ronnenberg.de\/wp-content\/uploads\/2022\/05\/IMG_0817-scaled.jpg","width":2560,"height":1920},{"@type":"BreadcrumbList","@id":"https:\/\/www.heimatbund-ronnenberg.de\/?p=893#breadcrumb","itemListElement":[{"@type":"ListItem","position":1,"name":"Startseite","item":"https:\/\/www.heimatbund-ronnenberg.de\/"},{"@type":"ListItem","position":2,"name":"Deisterwanderung zum Taternpfahl"}]},{"@type":"WebSite","@id":"https:\/\/www.heimatbund-ronnenberg.de\/#website","url":"https:\/\/www.heimatbund-ronnenberg.de\/","name":"Heimatbund Ronnenberg","description":"Im Calenberger Land","publisher":{"@id":"https:\/\/www.heimatbund-ronnenberg.de\/#organization"},"potentialAction":[{"@type":"SearchAction","target":{"@type":"EntryPoint","urlTemplate":"https:\/\/www.heimatbund-ronnenberg.de\/?s={search_term_string}"},"query-input":{"@type":"PropertyValueSpecification","valueRequired":true,"valueName":"search_term_string"}}],"inLanguage":"de"},{"@type":"Organization","@id":"https:\/\/www.heimatbund-ronnenberg.de\/#organization","name":"Heimatbund Ronnenberg","url":"https:\/\/www.heimatbund-ronnenberg.de\/","logo":{"@type":"ImageObject","inLanguage":"de","@id":"https:\/\/www.heimatbund-ronnenberg.de\/#\/schema\/logo\/image\/","url":"https:\/\/www.heimatbund-ronnenberg.de\/wp-content\/uploads\/2017\/03\/Favicon-e1613163573244.gif","contentUrl":"https:\/\/www.heimatbund-ronnenberg.de\/wp-content\/uploads\/2017\/03\/Favicon-e1613163573244.gif","width":112,"height":112,"caption":"Heimatbund Ronnenberg"},"image":{"@id":"https:\/\/www.heimatbund-ronnenberg.de\/#\/schema\/logo\/image\/"}},{"@type":"Person","@id":"https:\/\/www.heimatbund-ronnenberg.de\/#\/schema\/person\/8c79c189b7371461cf10cf57fb92055c","name":"Gerrit-Detlef K\u00fchne","image":{"@type":"ImageObject","inLanguage":"de","@id":"https:\/\/secure.gravatar.com\/avatar\/93bee99834c468cbd991b9e40f8a1d9b3916334e5bc4d71060575f923d6b19b3?s=96&d=mm&r=g","url":"https:\/\/secure.gravatar.com\/avatar\/93bee99834c468cbd991b9e40f8a1d9b3916334e5bc4d71060575f923d6b19b3?s=96&d=mm&r=g","contentUrl":"https:\/\/secure.gravatar.com\/avatar\/93bee99834c468cbd991b9e40f8a1d9b3916334e5bc4d71060575f923d6b19b3?s=96&d=mm&r=g","caption":"Gerrit-Detlef K\u00fchne"},"url":"https:\/\/www.heimatbund-ronnenberg.de\/?author=6"}]}},"_links":{"self":[{"href":"https:\/\/www.heimatbund-ronnenberg.de\/index.php?rest_route=\/wp\/v2\/posts\/893","targetHints":{"allow":["GET"]}}],"collection":[{"href":"https:\/\/www.heimatbund-ronnenberg.de\/index.php?rest_route=\/wp\/v2\/posts"}],"about":[{"href":"https:\/\/www.heimatbund-ronnenberg.de\/index.php?rest_route=\/wp\/v2\/types\/post"}],"author":[{"embeddable":true,"href":"https:\/\/www.heimatbund-ronnenberg.de\/index.php?rest_route=\/wp\/v2\/users\/6"}],"replies":[{"embeddable":true,"href":"https:\/\/www.heimatbund-ronnenberg.de\/index.php?rest_route=%2Fwp%2Fv2%2Fcomments&post=893"}],"version-history":[{"count":0,"href":"https:\/\/www.heimatbund-ronnenberg.de\/index.php?rest_route=\/wp\/v2\/posts\/893\/revisions"}],"wp:featuredmedia":[{"embeddable":true,"href":"https:\/\/www.heimatbund-ronnenberg.de\/index.php?rest_route=\/wp\/v2\/media\/895"}],"wp:attachment":[{"href":"https:\/\/www.heimatbund-ronnenberg.de\/index.php?rest_route=%2Fwp%2Fv2%2Fmedia&parent=893"}],"wp:term":[{"taxonomy":"category","embeddable":true,"href":"https:\/\/www.heimatbund-ronnenberg.de\/index.php?rest_route=%2Fwp%2Fv2%2Fcategories&post=893"},{"taxonomy":"post_tag","embeddable":true,"href":"https:\/\/www.heimatbund-ronnenberg.de\/index.php?rest_route=%2Fwp%2Fv2%2Ftags&post=893"}],"curies":[{"name":"wp","href":"https:\/\/api.w.org\/{rel}","templated":true}]}}